{"id":10204,"date":"2023-01-04T16:38:34","date_gmt":"2023-01-04T20:38:34","guid":{"rendered":"https:\/\/sonora.ms.gov.br\/v2\/?p=10204"},"modified":"2024-10-07T10:38:51","modified_gmt":"2024-10-07T14:38:51","slug":"educacao-divulga-calendario-escolar-para-2023","status":"publish","type":"post","link":"https:\/\/sonora.ms.gov.br\/v2\/educacao-divulga-calendario-escolar-para-2023\/","title":{"rendered":"Educa\u00e7\u00e3o divulga calend\u00e1rio escolar para 2023"},"content":{"rendered":"<p><em>Aulas come\u00e7am na primeira segunda-feira de fevereiro<\/em><\/p>\n<p>As crian\u00e7as e adolescentes de Sonora ter\u00e3o o m\u00eas de janeiro inteiro para aproveitar as f\u00e9rias! A Ger\u00eancia Municipal de Educa\u00e7\u00e3o, Cultura, Esporte e Lazer (GEMED), j\u00e1 estabeleceu o calend\u00e1rio escolar de 2023, com in\u00edcio das aulas no dia 6 de fevereiro.<\/p>\n<p>O retorno \u00e0s salas de aulas ser\u00e1 igual para os alunos matriculados nos Centros Municipais de Educa\u00e7\u00e3o Infantil (Cemeis), Rede Municipal de Ensino (Reme) e Educa\u00e7\u00e3o de Jovens e Adultos (EJA).<\/p>\n<p>Ser\u00e3o 200 dias letivos em 2023, com cinco s\u00e1bados com aulas, 19 feriados e 15 dias recesso em julho. O ano letivo terminar\u00e1 em 15 de dezembro para os alunos aprovados.<\/p>\n<p><strong>Matr\u00edculas<\/strong><br \/>\nPara as crian\u00e7as que residem na zona rural, os pais devem comparecer na unidade escolar a partir do dia 3 de janeiro, das 7h \u00e0s 11h e das 13h \u00e0s 17h.<\/p>\n<p>J\u00e1 no per\u00edmetro urbano, cada fase da educa\u00e7\u00e3o ter\u00e1 o dia de matr\u00edcula: Cemeis em 24 de janeiro; Ensino Fundamental e EJA nos dias 26 e 27 de janeiro.<\/p>\n<p>Pais e\/ou respons\u00e1veis devem comparecer na unidade, que deseja matricular o filho, das 7h \u00e0s 11h e das 13h \u00e0s 17h.<\/p>\n<p>&nbsp;<\/p>\n<p>CONFIRA AQUI O CALEND\u00c1RIO ESCOLAR 2023 COMPLETO: <a href=\"https:\/\/sonora.ms.gov.br\/v2\/wp-content\/uploads\/2022\/12\/Calendario2023.pdf\">https:\/\/sonora.ms.gov.br\/v2\/wp-content\/uploads\/2022\/12\/Calendario2023.pdf<\/a><\/p>\n<p>&nbsp;<\/p>\n","protected":false},"excerpt":{"rendered":"<p>Aulas come\u00e7am na primeira segunda-feira de fevereiro As crian\u00e7as e adolescentes de Sonora ter\u00e3o o m\u00eas de janeiro inteiro para aproveitar as f\u00e9rias! A Ger\u00eancia Municipal de Educa\u00e7\u00e3o, Cultura, Esporte e Lazer (GEMED), j\u00e1 estabeleceu o calend\u00e1rio escolar de 2023, com in\u00edcio das aulas no dia 6 de fevereiro. O retorno \u00e0s salas de aulas [&hellip;]<\/p>\n","protected":false},"author":11,"featured_media":10205,"comment_status":"closed","ping_status":"closed","sticky":false,"template":"","format":"standard","meta":{"footnotes":""},"categories":[3],"tags":[],"class_list":["post-10204","post","type-post","status-publish","format-standard","has-post-thumbnail","hentry","category-destaque"],"yoast_head":"<!-- This site is optimized with the Yoast SEO plugin v27.5 - https:\/\/yoast.com\/product\/yoast-seo-wordpress\/ -->\n<title>Educa\u00e7\u00e3o divulga calend\u00e1rio escolar para 2023 - Prefeitura Municipal de Sonora<\/title>\n<meta name=\"robots\" content=\"index, follow, max-snippet:-1, max-image-preview:large, max-video-preview:-1\" \/>\n<link rel=\"canonical\" href=\"https:\/\/sonora.ms.gov.br\/v2\/educacao-divulga-calendario-escolar-para-2023\/\" \/>\n<meta property=\"og:locale\" content=\"pt_BR\" \/>\n<meta property=\"og:type\" content=\"article\" \/>\n<meta property=\"og:title\" content=\"Educa\u00e7\u00e3o divulga calend\u00e1rio escolar para 2023 - Prefeitura Municipal de Sonora\" \/>\n<meta property=\"og:description\" content=\"Aulas come\u00e7am na primeira segunda-feira de fevereiro As crian\u00e7as e adolescentes de Sonora ter\u00e3o o m\u00eas de janeiro inteiro para aproveitar as f\u00e9rias! A Ger\u00eancia Municipal de Educa\u00e7\u00e3o, Cultura, Esporte e Lazer (GEMED), j\u00e1 estabeleceu o calend\u00e1rio escolar de 2023, com in\u00edcio das aulas no dia 6 de fevereiro. O retorno \u00e0s salas de aulas [&hellip;]\" \/>\n<meta property=\"og:url\" content=\"https:\/\/sonora.ms.gov.br\/v2\/educacao-divulga-calendario-escolar-para-2023\/\" \/>\n<meta property=\"og:site_name\" content=\"Prefeitura Municipal de Sonora\" \/>\n<meta property=\"article:publisher\" content=\"https:\/\/www.facebook.com\/Prefeitura-Municipal-de-Sonora-320210145060198\" \/>\n<meta property=\"article:published_time\" content=\"2023-01-04T20:38:34+00:00\" \/>\n<meta property=\"article:modified_time\" content=\"2024-10-07T14:38:51+00:00\" \/>\n<meta property=\"og:image\" content=\"https:\/\/sonora.ms.gov.br\/v2\/wp-content\/uploads\/2023\/01\/escola.jpeg\" \/>\n\t<meta property=\"og:image:width\" content=\"1600\" \/>\n\t<meta property=\"og:image:height\" content=\"1066\" \/>\n\t<meta property=\"og:image:type\" content=\"image\/jpeg\" \/>\n<meta name=\"author\" content=\"ASSECOM\" \/>\n<meta name=\"twitter:card\" content=\"summary_large_image\" \/>\n<meta name=\"twitter:label1\" content=\"Escrito por\" \/>\n\t<meta name=\"twitter:data1\" content=\"ASSECOM\" \/>\n\t<meta name=\"twitter:label2\" content=\"Est. tempo de leitura\" \/>\n\t<meta name=\"twitter:data2\" content=\"2 minutos\" \/>\n<script type=\"application\/ld+json\" class=\"yoast-schema-graph\">{\"@context\":\"https:\\\/\\\/schema.org\",\"@graph\":[{\"@type\":\"Article\",\"@id\":\"https:\\\/\\\/sonora.ms.gov.br\\\/v2\\\/educacao-divulga-calendario-escolar-para-2023\\\/#article\",\"isPartOf\":{\"@id\":\"https:\\\/\\\/sonora.ms.gov.br\\\/v2\\\/educacao-divulga-calendario-escolar-para-2023\\\/\"},\"author\":{\"name\":\"ASSECOM\",\"@id\":\"https:\\\/\\\/sonora.ms.gov.br\\\/v2\\\/#\\\/schema\\\/person\\\/4ab6116642b2d012eb9df4581930d4ba\"},\"headline\":\"Educa\u00e7\u00e3o divulga calend\u00e1rio escolar para 2023\",\"datePublished\":\"2023-01-04T20:38:34+00:00\",\"dateModified\":\"2024-10-07T14:38:51+00:00\",\"mainEntityOfPage\":{\"@id\":\"https:\\\/\\\/sonora.ms.gov.br\\\/v2\\\/educacao-divulga-calendario-escolar-para-2023\\\/\"},\"wordCount\":228,\"image\":{\"@id\":\"https:\\\/\\\/sonora.ms.gov.br\\\/v2\\\/educacao-divulga-calendario-escolar-para-2023\\\/#primaryimage\"},\"thumbnailUrl\":\"https:\\\/\\\/sonora.ms.gov.br\\\/v2\\\/wp-content\\\/uploads\\\/2023\\\/01\\\/escola.jpeg\",\"articleSection\":[\"Destaque\"],\"inLanguage\":\"pt-BR\"},{\"@type\":\"WebPage\",\"@id\":\"https:\\\/\\\/sonora.ms.gov.br\\\/v2\\\/educacao-divulga-calendario-escolar-para-2023\\\/\",\"url\":\"https:\\\/\\\/sonora.ms.gov.br\\\/v2\\\/educacao-divulga-calendario-escolar-para-2023\\\/\",\"name\":\"Educa\u00e7\u00e3o divulga calend\u00e1rio escolar para 2023 - Prefeitura Municipal de Sonora\",\"isPartOf\":{\"@id\":\"https:\\\/\\\/sonora.ms.gov.br\\\/v2\\\/#website\"},\"primaryImageOfPage\":{\"@id\":\"https:\\\/\\\/sonora.ms.gov.br\\\/v2\\\/educacao-divulga-calendario-escolar-para-2023\\\/#primaryimage\"},\"image\":{\"@id\":\"https:\\\/\\\/sonora.ms.gov.br\\\/v2\\\/educacao-divulga-calendario-escolar-para-2023\\\/#primaryimage\"},\"thumbnailUrl\":\"https:\\\/\\\/sonora.ms.gov.br\\\/v2\\\/wp-content\\\/uploads\\\/2023\\\/01\\\/escola.jpeg\",\"datePublished\":\"2023-01-04T20:38:34+00:00\",\"dateModified\":\"2024-10-07T14:38:51+00:00\",\"author\":{\"@id\":\"https:\\\/\\\/sonora.ms.gov.br\\\/v2\\\/#\\\/schema\\\/person\\\/4ab6116642b2d012eb9df4581930d4ba\"},\"breadcrumb\":{\"@id\":\"https:\\\/\\\/sonora.ms.gov.br\\\/v2\\\/educacao-divulga-calendario-escolar-para-2023\\\/#breadcrumb\"},\"inLanguage\":\"pt-BR\",\"potentialAction\":[{\"@type\":\"ReadAction\",\"target\":[\"https:\\\/\\\/sonora.ms.gov.br\\\/v2\\\/educacao-divulga-calendario-escolar-para-2023\\\/\"]}]},{\"@type\":\"ImageObject\",\"inLanguage\":\"pt-BR\",\"@id\":\"https:\\\/\\\/sonora.ms.gov.br\\\/v2\\\/educacao-divulga-calendario-escolar-para-2023\\\/#primaryimage\",\"url\":\"https:\\\/\\\/sonora.ms.gov.br\\\/v2\\\/wp-content\\\/uploads\\\/2023\\\/01\\\/escola.jpeg\",\"contentUrl\":\"https:\\\/\\\/sonora.ms.gov.br\\\/v2\\\/wp-content\\\/uploads\\\/2023\\\/01\\\/escola.jpeg\",\"width\":1600,\"height\":1066},{\"@type\":\"BreadcrumbList\",\"@id\":\"https:\\\/\\\/sonora.ms.gov.br\\\/v2\\\/educacao-divulga-calendario-escolar-para-2023\\\/#breadcrumb\",\"itemListElement\":[{\"@type\":\"ListItem\",\"position\":1,\"name\":\"In\u00edcio\",\"item\":\"https:\\\/\\\/sonora.ms.gov.br\\\/v2\\\/\"},{\"@type\":\"ListItem\",\"position\":2,\"name\":\"Educa\u00e7\u00e3o divulga calend\u00e1rio escolar para 2023\"}]},{\"@type\":\"WebSite\",\"@id\":\"https:\\\/\\\/sonora.ms.gov.br\\\/v2\\\/#website\",\"url\":\"https:\\\/\\\/sonora.ms.gov.br\\\/v2\\\/\",\"name\":\"Prefeitura Municipal de Sonora\",\"description\":\"Poder Executivo\",\"potentialAction\":[{\"@type\":\"SearchAction\",\"target\":{\"@type\":\"EntryPoint\",\"urlTemplate\":\"https:\\\/\\\/sonora.ms.gov.br\\\/v2\\\/?s={search_term_string}\"},\"query-input\":{\"@type\":\"PropertyValueSpecification\",\"valueRequired\":true,\"valueName\":\"search_term_string\"}}],\"inLanguage\":\"pt-BR\"},{\"@type\":\"Person\",\"@id\":\"https:\\\/\\\/sonora.ms.gov.br\\\/v2\\\/#\\\/schema\\\/person\\\/4ab6116642b2d012eb9df4581930d4ba\",\"name\":\"ASSECOM\",\"image\":{\"@type\":\"ImageObject\",\"inLanguage\":\"pt-BR\",\"@id\":\"https:\\\/\\\/secure.gravatar.com\\\/avatar\\\/07661a622a44db7adc8a2430b0e3ae4fec8761198b558f07b533c423697ce9e6?s=96&d=mm&r=g\",\"url\":\"https:\\\/\\\/secure.gravatar.com\\\/avatar\\\/07661a622a44db7adc8a2430b0e3ae4fec8761198b558f07b533c423697ce9e6?s=96&d=mm&r=g\",\"contentUrl\":\"https:\\\/\\\/secure.gravatar.com\\\/avatar\\\/07661a622a44db7adc8a2430b0e3ae4fec8761198b558f07b533c423697ce9e6?s=96&d=mm&r=g\",\"caption\":\"ASSECOM\"},\"url\":\"https:\\\/\\\/sonora.ms.gov.br\\\/v2\\\/author\\\/fernanda-frefer\\\/\"}]}<\/script>\n<!-- \/ Yoast SEO plugin. -->","yoast_head_json":{"title":"Educa\u00e7\u00e3o divulga calend\u00e1rio escolar para 2023 - Prefeitura Municipal de Sonora","robots":{"index":"index","follow":"follow","max-snippet":"max-snippet:-1","max-image-preview":"max-image-preview:large","max-video-preview":"max-video-preview:-1"},"canonical":"https:\/\/sonora.ms.gov.br\/v2\/educacao-divulga-calendario-escolar-para-2023\/","og_locale":"pt_BR","og_type":"article","og_title":"Educa\u00e7\u00e3o divulga calend\u00e1rio escolar para 2023 - Prefeitura Municipal de Sonora","og_description":"Aulas come\u00e7am na primeira segunda-feira de fevereiro As crian\u00e7as e adolescentes de Sonora ter\u00e3o o m\u00eas de janeiro inteiro para aproveitar as f\u00e9rias! A Ger\u00eancia Municipal de Educa\u00e7\u00e3o, Cultura, Esporte e Lazer (GEMED), j\u00e1 estabeleceu o calend\u00e1rio escolar de 2023, com in\u00edcio das aulas no dia 6 de fevereiro. O retorno \u00e0s salas de aulas [&hellip;]","og_url":"https:\/\/sonora.ms.gov.br\/v2\/educacao-divulga-calendario-escolar-para-2023\/","og_site_name":"Prefeitura Municipal de Sonora","article_publisher":"https:\/\/www.facebook.com\/Prefeitura-Municipal-de-Sonora-320210145060198","article_published_time":"2023-01-04T20:38:34+00:00","article_modified_time":"2024-10-07T14:38:51+00:00","og_image":[{"width":1600,"height":1066,"url":"https:\/\/sonora.ms.gov.br\/v2\/wp-content\/uploads\/2023\/01\/escola.jpeg","type":"image\/jpeg"}],"author":"ASSECOM","twitter_card":"summary_large_image","twitter_misc":{"Escrito por":"ASSECOM","Est. tempo de leitura":"2 minutos"},"schema":{"@context":"https:\/\/schema.org","@graph":[{"@type":"Article","@id":"https:\/\/sonora.ms.gov.br\/v2\/educacao-divulga-calendario-escolar-para-2023\/#article","isPartOf":{"@id":"https:\/\/sonora.ms.gov.br\/v2\/educacao-divulga-calendario-escolar-para-2023\/"},"author":{"name":"ASSECOM","@id":"https:\/\/sonora.ms.gov.br\/v2\/#\/schema\/person\/4ab6116642b2d012eb9df4581930d4ba"},"headline":"Educa\u00e7\u00e3o divulga calend\u00e1rio escolar para 2023","datePublished":"2023-01-04T20:38:34+00:00","dateModified":"2024-10-07T14:38:51+00:00","mainEntityOfPage":{"@id":"https:\/\/sonora.ms.gov.br\/v2\/educacao-divulga-calendario-escolar-para-2023\/"},"wordCount":228,"image":{"@id":"https:\/\/sonora.ms.gov.br\/v2\/educacao-divulga-calendario-escolar-para-2023\/#primaryimage"},"thumbnailUrl":"https:\/\/sonora.ms.gov.br\/v2\/wp-content\/uploads\/2023\/01\/escola.jpeg","articleSection":["Destaque"],"inLanguage":"pt-BR"},{"@type":"WebPage","@id":"https:\/\/sonora.ms.gov.br\/v2\/educacao-divulga-calendario-escolar-para-2023\/","url":"https:\/\/sonora.ms.gov.br\/v2\/educacao-divulga-calendario-escolar-para-2023\/","name":"Educa\u00e7\u00e3o divulga calend\u00e1rio escolar para 2023 - Prefeitura Municipal de Sonora","isPartOf":{"@id":"https:\/\/sonora.ms.gov.br\/v2\/#website"},"primaryImageOfPage":{"@id":"https:\/\/sonora.ms.gov.br\/v2\/educacao-divulga-calendario-escolar-para-2023\/#primaryimage"},"image":{"@id":"https:\/\/sonora.ms.gov.br\/v2\/educacao-divulga-calendario-escolar-para-2023\/#primaryimage"},"thumbnailUrl":"https:\/\/sonora.ms.gov.br\/v2\/wp-content\/uploads\/2023\/01\/escola.jpeg","datePublished":"2023-01-04T20:38:34+00:00","dateModified":"2024-10-07T14:38:51+00:00","author":{"@id":"https:\/\/sonora.ms.gov.br\/v2\/#\/schema\/person\/4ab6116642b2d012eb9df4581930d4ba"},"breadcrumb":{"@id":"https:\/\/sonora.ms.gov.br\/v2\/educacao-divulga-calendario-escolar-para-2023\/#breadcrumb"},"inLanguage":"pt-BR","potentialAction":[{"@type":"ReadAction","target":["https:\/\/sonora.ms.gov.br\/v2\/educacao-divulga-calendario-escolar-para-2023\/"]}]},{"@type":"ImageObject","inLanguage":"pt-BR","@id":"https:\/\/sonora.ms.gov.br\/v2\/educacao-divulga-calendario-escolar-para-2023\/#primaryimage","url":"https:\/\/sonora.ms.gov.br\/v2\/wp-content\/uploads\/2023\/01\/escola.jpeg","contentUrl":"https:\/\/sonora.ms.gov.br\/v2\/wp-content\/uploads\/2023\/01\/escola.jpeg","width":1600,"height":1066},{"@type":"BreadcrumbList","@id":"https:\/\/sonora.ms.gov.br\/v2\/educacao-divulga-calendario-escolar-para-2023\/#breadcrumb","itemListElement":[{"@type":"ListItem","position":1,"name":"In\u00edcio","item":"https:\/\/sonora.ms.gov.br\/v2\/"},{"@type":"ListItem","position":2,"name":"Educa\u00e7\u00e3o divulga calend\u00e1rio escolar para 2023"}]},{"@type":"WebSite","@id":"https:\/\/sonora.ms.gov.br\/v2\/#website","url":"https:\/\/sonora.ms.gov.br\/v2\/","name":"Prefeitura Municipal de Sonora","description":"Poder Executivo","potentialAction":[{"@type":"SearchAction","target":{"@type":"EntryPoint","urlTemplate":"https:\/\/sonora.ms.gov.br\/v2\/?s={search_term_string}"},"query-input":{"@type":"PropertyValueSpecification","valueRequired":true,"valueName":"search_term_string"}}],"inLanguage":"pt-BR"},{"@type":"Person","@id":"https:\/\/sonora.ms.gov.br\/v2\/#\/schema\/person\/4ab6116642b2d012eb9df4581930d4ba","name":"ASSECOM","image":{"@type":"ImageObject","inLanguage":"pt-BR","@id":"https:\/\/secure.gravatar.com\/avatar\/07661a622a44db7adc8a2430b0e3ae4fec8761198b558f07b533c423697ce9e6?s=96&d=mm&r=g","url":"https:\/\/secure.gravatar.com\/avatar\/07661a622a44db7adc8a2430b0e3ae4fec8761198b558f07b533c423697ce9e6?s=96&d=mm&r=g","contentUrl":"https:\/\/secure.gravatar.com\/avatar\/07661a622a44db7adc8a2430b0e3ae4fec8761198b558f07b533c423697ce9e6?s=96&d=mm&r=g","caption":"ASSECOM"},"url":"https:\/\/sonora.ms.gov.br\/v2\/author\/fernanda-frefer\/"}]}},"_links":{"self":[{"href":"https:\/\/sonora.ms.gov.br\/v2\/wp-json\/wp\/v2\/posts\/10204","targetHints":{"allow":["GET"]}}],"collection":[{"href":"https:\/\/sonora.ms.gov.br\/v2\/wp-json\/wp\/v2\/posts"}],"about":[{"href":"https:\/\/sonora.ms.gov.br\/v2\/wp-json\/wp\/v2\/types\/post"}],"author":[{"embeddable":true,"href":"https:\/\/sonora.ms.gov.br\/v2\/wp-json\/wp\/v2\/users\/11"}],"replies":[{"embeddable":true,"href":"https:\/\/sonora.ms.gov.br\/v2\/wp-json\/wp\/v2\/comments?post=10204"}],"version-history":[{"count":4,"href":"https:\/\/sonora.ms.gov.br\/v2\/wp-json\/wp\/v2\/posts\/10204\/revisions"}],"predecessor-version":[{"id":10246,"href":"https:\/\/sonora.ms.gov.br\/v2\/wp-json\/wp\/v2\/posts\/10204\/revisions\/10246"}],"wp:featuredmedia":[{"embeddable":true,"href":"https:\/\/sonora.ms.gov.br\/v2\/wp-json\/wp\/v2\/media\/10205"}],"wp:attachment":[{"href":"https:\/\/sonora.ms.gov.br\/v2\/wp-json\/wp\/v2\/media?parent=10204"}],"wp:term":[{"taxonomy":"category","embeddable":true,"href":"https:\/\/sonora.ms.gov.br\/v2\/wp-json\/wp\/v2\/categories?post=10204"},{"taxonomy":"post_tag","embeddable":true,"href":"https:\/\/sonora.ms.gov.br\/v2\/wp-json\/wp\/v2\/tags?post=10204"}],"curies":[{"name":"wp","href":"https:\/\/api.w.org\/{rel}","templated":true}]}}