{"id":1135,"date":"2019-05-09T11:57:52","date_gmt":"2019-05-09T15:57:52","guid":{"rendered":"https:\/\/sonora.ms.gov.br\/v2\/?p=1135"},"modified":"2024-10-07T10:46:15","modified_gmt":"2024-10-07T14:46:15","slug":"31o-aniversario-de-sonora-com-shows-e-muita-festa","status":"publish","type":"post","link":"https:\/\/sonora.ms.gov.br\/v2\/31o-aniversario-de-sonora-com-shows-e-muita-festa\/","title":{"rendered":"31\u00ba Anivers\u00e1rio de Sonora com shows e muita festa"},"content":{"rendered":"<p>A Prefeitura de Sonora est\u00e1 preparando uma s\u00e9rie de atividades para comemorar o 31\u00ba anivers\u00e1rio de emancipa\u00e7\u00e3o pol\u00edtico-administrativa. As atividades comemorativas come\u00e7am dia 31 de maio (sexta-feira) \u00e0 02 de junho (domingo) no clube do La\u00e7o Kansas com muita festa, rodeio e shows com artistas nacionais e locais, tamb\u00e9m haver\u00e1 a escolha da Rainha do Rodeio, provas de Team Roping e almo\u00e7o com churrasco.<\/p>\n<p>No dia 03 de junho (segunda-feira), as comemora\u00e7\u00f5es ficar\u00e3o por conta de entrega de obras, assinaturas de ordem de servi\u00e7os a serem realizados no munic\u00edpio e desfile c\u00edvico escolar. O desfile c\u00edvico contar\u00e1 institui\u00e7\u00f5es filantr\u00f3picas, religiosas, \u00f3rg\u00e3os p\u00fablicos e militares e tamb\u00e9m todas as escolas do munic\u00edpio participar\u00e3o do evento, e cada unidade escolar apresentar\u00e1 um tema voltado a constru\u00e7\u00e3o de Sonora, bem como sua diversidade socioecon\u00f4mica e cultural.<\/p>\n<p><strong>Confira a programa\u00e7\u00e3o completa:<\/strong><\/p>\n<p><strong>Dia 31 de maio<\/strong><\/p>\n<p>* Concurso Rainha do Rodeio 2019 | 20 horas<\/p>\n<p>* Rodei em Touros | 21 horas<\/p>\n<p>* Show com dupla Maz Moura &amp; Cristiano | 0 horas<\/p>\n<p>* Show Baile com a banda Batid\u00e3o | 1:30 horas<\/p>\n<p><strong>Dia 01 de junho<\/strong><\/p>\n<p>* Abertura oficial do Rodeio | 21 horas<\/p>\n<p>* Show com dupla Jo\u00e3o Haroldo e Betinho | 0 horas<\/p>\n<p>* Show Baile com a banda Batid\u00e3o | 1:30 horas<\/p>\n<p><strong>Dia 2 de junho<\/strong><\/p>\n<p>* Competi\u00e7\u00e3o de la\u00e7o em dupla Team Roping| 14 horas<\/p>\n<p>* Final do Rodeio | 0 horas<\/p>\n<p>* Show Baile com a banda MDO | 1:30 horas<\/p>\n<p><strong>Dia 3 de junho<\/strong><\/p>\n<p>* Recep\u00e7\u00e3o das autoridades na Prefeitura Municipal | 08 horas<\/p>\n<p>* Entrega de obras e assinaturas de ordem de servi\u00e7os | 09 horas<\/p>\n<p>* Desfile c\u00edvico escolar | 15 horas<\/p>\n<p>O munic\u00edpio de Sonora foi fundado em no dia 3 de junho de 1988, hoje com uma popula\u00e7\u00e3o estimada de 18.828 (IBGE &#8211; 2108). O Munic\u00edpio possui uma grande diversidade cultural, e tem em suas paisagens uma exuberante beleza por fazer parte da regi\u00e3o de influ\u00eancia do Cerrado e Pantanal.<\/p>\n<p>&nbsp;<\/p>\n<p><img loading=\"lazy\" decoding=\"async\" class=\"alignnone  wp-image-1140\" src=\"https:\/\/sonora.ms.gov.br\/v2\/wp-content\/uploads\/2019\/05\/RODEIO-300x155.jpg\" alt=\"\" width=\"921\" height=\"476\" srcset=\"https:\/\/sonora.ms.gov.br\/v2\/wp-content\/uploads\/2019\/05\/RODEIO-300x155.jpg 300w, https:\/\/sonora.ms.gov.br\/v2\/wp-content\/uploads\/2019\/05\/RODEIO-285x147.jpg 285w, https:\/\/sonora.ms.gov.br\/v2\/wp-content\/uploads\/2019\/05\/RODEIO.jpg 720w\" sizes=\"auto, (max-width: 921px) 100vw, 921px\" \/><\/p>\n<p><img loading=\"lazy\" decoding=\"async\" class=\"alignnone  wp-image-1145\" src=\"https:\/\/sonora.ms.gov.br\/v2\/wp-content\/uploads\/2019\/05\/sonora-asfalto-300x199.jpg\" alt=\"\" width=\"510\" height=\"338\" srcset=\"https:\/\/sonora.ms.gov.br\/v2\/wp-content\/uploads\/2019\/05\/sonora-asfalto-300x199.jpg 300w, https:\/\/sonora.ms.gov.br\/v2\/wp-content\/uploads\/2019\/05\/sonora-asfalto-768x510.jpg 768w, https:\/\/sonora.ms.gov.br\/v2\/wp-content\/uploads\/2019\/05\/sonora-asfalto-580x385.jpg 580w, https:\/\/sonora.ms.gov.br\/v2\/wp-content\/uploads\/2019\/05\/sonora-asfalto-285x189.jpg 285w, https:\/\/sonora.ms.gov.br\/v2\/wp-content\/uploads\/2019\/05\/sonora-asfalto.jpg 960w\" sizes=\"auto, (max-width: 510px) 100vw, 510px\" \/><\/p>\n<p><img loading=\"lazy\" decoding=\"async\" class=\"alignnone  wp-image-1146\" src=\"https:\/\/sonora.ms.gov.br\/v2\/wp-content\/uploads\/2019\/05\/WhatsApp-Image-2019-04-25-at-11.41.21-300x225.jpeg\" alt=\"\" width=\"510\" height=\"382\" srcset=\"https:\/\/sonora.ms.gov.br\/v2\/wp-content\/uploads\/2019\/05\/WhatsApp-Image-2019-04-25-at-11.41.21-300x225.jpeg 300w, https:\/\/sonora.ms.gov.br\/v2\/wp-content\/uploads\/2019\/05\/WhatsApp-Image-2019-04-25-at-11.41.21-768x576.jpeg 768w, https:\/\/sonora.ms.gov.br\/v2\/wp-content\/uploads\/2019\/05\/WhatsApp-Image-2019-04-25-at-11.41.21-1024x768.jpeg 1024w, https:\/\/sonora.ms.gov.br\/v2\/wp-content\/uploads\/2019\/05\/WhatsApp-Image-2019-04-25-at-11.41.21-513x385.jpeg 513w, https:\/\/sonora.ms.gov.br\/v2\/wp-content\/uploads\/2019\/05\/WhatsApp-Image-2019-04-25-at-11.41.21-272x204.jpeg 272w, https:\/\/sonora.ms.gov.br\/v2\/wp-content\/uploads\/2019\/05\/WhatsApp-Image-2019-04-25-at-11.41.21.jpeg 1152w\" sizes=\"auto, (max-width: 510px) 100vw, 510px\" \/><\/p>\n<p><img loading=\"lazy\" decoding=\"async\" class=\"alignnone  wp-image-1147\" src=\"https:\/\/sonora.ms.gov.br\/v2\/wp-content\/uploads\/2019\/05\/WhatsApp-Image-2019-04-25-at-11.41.23-300x225.jpeg\" alt=\"\" width=\"509\" height=\"382\" srcset=\"https:\/\/sonora.ms.gov.br\/v2\/wp-content\/uploads\/2019\/05\/WhatsApp-Image-2019-04-25-at-11.41.23-300x225.jpeg 300w, https:\/\/sonora.ms.gov.br\/v2\/wp-content\/uploads\/2019\/05\/WhatsApp-Image-2019-04-25-at-11.41.23-768x576.jpeg 768w, https:\/\/sonora.ms.gov.br\/v2\/wp-content\/uploads\/2019\/05\/WhatsApp-Image-2019-04-25-at-11.41.23-1024x768.jpeg 1024w, https:\/\/sonora.ms.gov.br\/v2\/wp-content\/uploads\/2019\/05\/WhatsApp-Image-2019-04-25-at-11.41.23-513x385.jpeg 513w, https:\/\/sonora.ms.gov.br\/v2\/wp-content\/uploads\/2019\/05\/WhatsApp-Image-2019-04-25-at-11.41.23-272x204.jpeg 272w, https:\/\/sonora.ms.gov.br\/v2\/wp-content\/uploads\/2019\/05\/WhatsApp-Image-2019-04-25-at-11.41.23.jpeg 1152w\" sizes=\"auto, (max-width: 509px) 100vw, 509px\" \/><\/p>\n<p><img loading=\"lazy\" decoding=\"async\" class=\"alignnone  wp-image-1142\" src=\"https:\/\/sonora.ms.gov.br\/v2\/wp-content\/uploads\/2019\/05\/CEMEI-OZORIO-VALEIS-300x169.jpg\" alt=\"\" width=\"509\" height=\"287\" srcset=\"https:\/\/sonora.ms.gov.br\/v2\/wp-content\/uploads\/2019\/05\/CEMEI-OZORIO-VALEIS-300x169.jpg 300w, https:\/\/sonora.ms.gov.br\/v2\/wp-content\/uploads\/2019\/05\/CEMEI-OZORIO-VALEIS-768x432.jpg 768w, https:\/\/sonora.ms.gov.br\/v2\/wp-content\/uploads\/2019\/05\/CEMEI-OZORIO-VALEIS-684x385.jpg 684w, https:\/\/sonora.ms.gov.br\/v2\/wp-content\/uploads\/2019\/05\/CEMEI-OZORIO-VALEIS-285x160.jpg 285w, https:\/\/sonora.ms.gov.br\/v2\/wp-content\/uploads\/2019\/05\/CEMEI-OZORIO-VALEIS.jpg 960w\" sizes=\"auto, (max-width: 509px) 100vw, 509px\" \/><\/p>\n<p><img loading=\"lazy\" decoding=\"async\" class=\"alignnone  wp-image-1149\" src=\"https:\/\/sonora.ms.gov.br\/v2\/wp-content\/uploads\/2019\/05\/WhatsApp-Image-2019-05-06-at-11.23.42-4-300x169.jpeg\" alt=\"\" width=\"510\" height=\"287\" srcset=\"https:\/\/sonora.ms.gov.br\/v2\/wp-content\/uploads\/2019\/05\/WhatsApp-Image-2019-05-06-at-11.23.42-4-300x169.jpeg 300w, https:\/\/sonora.ms.gov.br\/v2\/wp-content\/uploads\/2019\/05\/WhatsApp-Image-2019-05-06-at-11.23.42-4-768x432.jpeg 768w, https:\/\/sonora.ms.gov.br\/v2\/wp-content\/uploads\/2019\/05\/WhatsApp-Image-2019-05-06-at-11.23.42-4-1024x576.jpeg 1024w, https:\/\/sonora.ms.gov.br\/v2\/wp-content\/uploads\/2019\/05\/WhatsApp-Image-2019-05-06-at-11.23.42-4-684x385.jpeg 684w, https:\/\/sonora.ms.gov.br\/v2\/wp-content\/uploads\/2019\/05\/WhatsApp-Image-2019-05-06-at-11.23.42-4-285x160.jpeg 285w, https:\/\/sonora.ms.gov.br\/v2\/wp-content\/uploads\/2019\/05\/WhatsApp-Image-2019-05-06-at-11.23.42-4.jpeg 1280w\" sizes=\"auto, (max-width: 510px) 100vw, 510px\" \/><\/p>\n<p><img loading=\"lazy\" decoding=\"async\" class=\"alignnone  wp-image-1148\" src=\"https:\/\/sonora.ms.gov.br\/v2\/wp-content\/uploads\/2019\/05\/WhatsApp-Image-2019-05-06-at-09.55.16-3-300x169.jpeg\" alt=\"\" width=\"511\" height=\"288\" srcset=\"https:\/\/sonora.ms.gov.br\/v2\/wp-content\/uploads\/2019\/05\/WhatsApp-Image-2019-05-06-at-09.55.16-3-300x169.jpeg 300w, https:\/\/sonora.ms.gov.br\/v2\/wp-content\/uploads\/2019\/05\/WhatsApp-Image-2019-05-06-at-09.55.16-3-684x385.jpeg 684w, https:\/\/sonora.ms.gov.br\/v2\/wp-content\/uploads\/2019\/05\/WhatsApp-Image-2019-05-06-at-09.55.16-3-285x160.jpeg 285w, https:\/\/sonora.ms.gov.br\/v2\/wp-content\/uploads\/2019\/05\/WhatsApp-Image-2019-05-06-at-09.55.16-3.jpeg 720w\" sizes=\"auto, (max-width: 511px) 100vw, 511px\" \/><\/p>\n<p><img loading=\"lazy\" decoding=\"async\" class=\"alignnone  wp-image-1144\" src=\"https:\/\/sonora.ms.gov.br\/v2\/wp-content\/uploads\/2019\/05\/sonora-22-300x169.jpg\" alt=\"\" width=\"513\" height=\"289\" srcset=\"https:\/\/sonora.ms.gov.br\/v2\/wp-content\/uploads\/2019\/05\/sonora-22-300x169.jpg 300w, https:\/\/sonora.ms.gov.br\/v2\/wp-content\/uploads\/2019\/05\/sonora-22-768x432.jpg 768w, https:\/\/sonora.ms.gov.br\/v2\/wp-content\/uploads\/2019\/05\/sonora-22-684x385.jpg 684w, https:\/\/sonora.ms.gov.br\/v2\/wp-content\/uploads\/2019\/05\/sonora-22-285x160.jpg 285w, https:\/\/sonora.ms.gov.br\/v2\/wp-content\/uploads\/2019\/05\/sonora-22.jpg 960w\" sizes=\"auto, (max-width: 513px) 100vw, 513px\" \/><\/p>\n","protected":false},"excerpt":{"rendered":"<p>A Prefeitura de Sonora est\u00e1 preparando uma s\u00e9rie de atividades para comemorar o 31\u00ba anivers\u00e1rio de emancipa\u00e7\u00e3o pol\u00edtico-administrativa. As atividades comemorativas come\u00e7am dia 31 de maio (sexta-feira) \u00e0 02 de junho (domingo) no clube do La\u00e7o Kansas com muita festa, rodeio e shows com artistas nacionais e locais, tamb\u00e9m haver\u00e1 a escolha da Rainha do [&hellip;]<\/p>\n","protected":false},"author":4,"featured_media":1137,"comment_status":"closed","ping_status":"closed","sticky":false,"template":"","format":"standard","meta":{"footnotes":""},"categories":[1],"tags":[],"class_list":["post-1135","post","type-post","status-publish","format-standard","has-post-thumbnail","hentry","category-sem-categoria"],"yoast_head":"<!-- This site is optimized with the Yoast SEO plugin v27.4 - https:\/\/yoast.com\/product\/yoast-seo-wordpress\/ -->\n<title>31\u00ba Anivers\u00e1rio de Sonora com shows e muita festa - Prefeitura Municipal de Sonora<\/title>\n<meta name=\"robots\" content=\"index, follow, max-snippet:-1, max-image-preview:large, max-video-preview:-1\" \/>\n<link rel=\"canonical\" href=\"https:\/\/sonora.ms.gov.br\/v2\/31o-aniversario-de-sonora-com-shows-e-muita-festa\/\" \/>\n<meta property=\"og:locale\" content=\"pt_BR\" \/>\n<meta property=\"og:type\" content=\"article\" \/>\n<meta property=\"og:title\" content=\"31\u00ba Anivers\u00e1rio de Sonora com shows e muita festa - Prefeitura Municipal de Sonora\" \/>\n<meta property=\"og:description\" content=\"A Prefeitura de Sonora est\u00e1 preparando uma s\u00e9rie de atividades para comemorar o 31\u00ba anivers\u00e1rio de emancipa\u00e7\u00e3o pol\u00edtico-administrativa. As atividades comemorativas come\u00e7am dia 31 de maio (sexta-feira) \u00e0 02 de junho (domingo) no clube do La\u00e7o Kansas com muita festa, rodeio e shows com artistas nacionais e locais, tamb\u00e9m haver\u00e1 a escolha da Rainha do [&hellip;]\" \/>\n<meta property=\"og:url\" content=\"https:\/\/sonora.ms.gov.br\/v2\/31o-aniversario-de-sonora-com-shows-e-muita-festa\/\" \/>\n<meta property=\"og:site_name\" content=\"Prefeitura Municipal de Sonora\" \/>\n<meta property=\"article:publisher\" content=\"https:\/\/www.facebook.com\/Prefeitura-Municipal-de-Sonora-320210145060198\" \/>\n<meta property=\"article:published_time\" content=\"2019-05-09T15:57:52+00:00\" \/>\n<meta property=\"article:modified_time\" content=\"2024-10-07T14:46:15+00:00\" \/>\n<meta property=\"og:image\" content=\"https:\/\/sonora.ms.gov.br\/v2\/wp-content\/uploads\/2019\/05\/sonora.jpg\" \/>\n\t<meta property=\"og:image:width\" content=\"960\" \/>\n\t<meta property=\"og:image:height\" content=\"540\" \/>\n\t<meta property=\"og:image:type\" content=\"image\/jpeg\" \/>\n<meta name=\"author\" content=\"adeildo\" \/>\n<meta name=\"twitter:card\" content=\"summary_large_image\" \/>\n<meta name=\"twitter:label1\" content=\"Escrito por\" \/>\n\t<meta name=\"twitter:data1\" content=\"adeildo\" \/>\n\t<meta name=\"twitter:label2\" content=\"Est. tempo de leitura\" \/>\n\t<meta name=\"twitter:data2\" content=\"2 minutos\" \/>\n<script type=\"application\/ld+json\" class=\"yoast-schema-graph\">{\"@context\":\"https:\\\/\\\/schema.org\",\"@graph\":[{\"@type\":\"Article\",\"@id\":\"https:\\\/\\\/sonora.ms.gov.br\\\/v2\\\/31o-aniversario-de-sonora-com-shows-e-muita-festa\\\/#article\",\"isPartOf\":{\"@id\":\"https:\\\/\\\/sonora.ms.gov.br\\\/v2\\\/31o-aniversario-de-sonora-com-shows-e-muita-festa\\\/\"},\"author\":{\"name\":\"adeildo\",\"@id\":\"https:\\\/\\\/sonora.ms.gov.br\\\/v2\\\/#\\\/schema\\\/person\\\/51f6e139289b09c05a59bc20aaab8a50\"},\"headline\":\"31\u00ba Anivers\u00e1rio de Sonora com shows e muita festa\",\"datePublished\":\"2019-05-09T15:57:52+00:00\",\"dateModified\":\"2024-10-07T14:46:15+00:00\",\"mainEntityOfPage\":{\"@id\":\"https:\\\/\\\/sonora.ms.gov.br\\\/v2\\\/31o-aniversario-de-sonora-com-shows-e-muita-festa\\\/\"},\"wordCount\":321,\"image\":{\"@id\":\"https:\\\/\\\/sonora.ms.gov.br\\\/v2\\\/31o-aniversario-de-sonora-com-shows-e-muita-festa\\\/#primaryimage\"},\"thumbnailUrl\":\"https:\\\/\\\/sonora.ms.gov.br\\\/v2\\\/wp-content\\\/uploads\\\/2019\\\/05\\\/sonora.jpg\",\"inLanguage\":\"pt-BR\"},{\"@type\":\"WebPage\",\"@id\":\"https:\\\/\\\/sonora.ms.gov.br\\\/v2\\\/31o-aniversario-de-sonora-com-shows-e-muita-festa\\\/\",\"url\":\"https:\\\/\\\/sonora.ms.gov.br\\\/v2\\\/31o-aniversario-de-sonora-com-shows-e-muita-festa\\\/\",\"name\":\"31\u00ba Anivers\u00e1rio de Sonora com shows e muita festa - Prefeitura Municipal de Sonora\",\"isPartOf\":{\"@id\":\"https:\\\/\\\/sonora.ms.gov.br\\\/v2\\\/#website\"},\"primaryImageOfPage\":{\"@id\":\"https:\\\/\\\/sonora.ms.gov.br\\\/v2\\\/31o-aniversario-de-sonora-com-shows-e-muita-festa\\\/#primaryimage\"},\"image\":{\"@id\":\"https:\\\/\\\/sonora.ms.gov.br\\\/v2\\\/31o-aniversario-de-sonora-com-shows-e-muita-festa\\\/#primaryimage\"},\"thumbnailUrl\":\"https:\\\/\\\/sonora.ms.gov.br\\\/v2\\\/wp-content\\\/uploads\\\/2019\\\/05\\\/sonora.jpg\",\"datePublished\":\"2019-05-09T15:57:52+00:00\",\"dateModified\":\"2024-10-07T14:46:15+00:00\",\"author\":{\"@id\":\"https:\\\/\\\/sonora.ms.gov.br\\\/v2\\\/#\\\/schema\\\/person\\\/51f6e139289b09c05a59bc20aaab8a50\"},\"breadcrumb\":{\"@id\":\"https:\\\/\\\/sonora.ms.gov.br\\\/v2\\\/31o-aniversario-de-sonora-com-shows-e-muita-festa\\\/#breadcrumb\"},\"inLanguage\":\"pt-BR\",\"potentialAction\":[{\"@type\":\"ReadAction\",\"target\":[\"https:\\\/\\\/sonora.ms.gov.br\\\/v2\\\/31o-aniversario-de-sonora-com-shows-e-muita-festa\\\/\"]}]},{\"@type\":\"ImageObject\",\"inLanguage\":\"pt-BR\",\"@id\":\"https:\\\/\\\/sonora.ms.gov.br\\\/v2\\\/31o-aniversario-de-sonora-com-shows-e-muita-festa\\\/#primaryimage\",\"url\":\"https:\\\/\\\/sonora.ms.gov.br\\\/v2\\\/wp-content\\\/uploads\\\/2019\\\/05\\\/sonora.jpg\",\"contentUrl\":\"https:\\\/\\\/sonora.ms.gov.br\\\/v2\\\/wp-content\\\/uploads\\\/2019\\\/05\\\/sonora.jpg\",\"width\":960,\"height\":540},{\"@type\":\"BreadcrumbList\",\"@id\":\"https:\\\/\\\/sonora.ms.gov.br\\\/v2\\\/31o-aniversario-de-sonora-com-shows-e-muita-festa\\\/#breadcrumb\",\"itemListElement\":[{\"@type\":\"ListItem\",\"position\":1,\"name\":\"In\u00edcio\",\"item\":\"https:\\\/\\\/sonora.ms.gov.br\\\/v2\\\/\"},{\"@type\":\"ListItem\",\"position\":2,\"name\":\"31\u00ba Anivers\u00e1rio de Sonora com shows e muita festa\"}]},{\"@type\":\"WebSite\",\"@id\":\"https:\\\/\\\/sonora.ms.gov.br\\\/v2\\\/#website\",\"url\":\"https:\\\/\\\/sonora.ms.gov.br\\\/v2\\\/\",\"name\":\"Prefeitura Municipal de Sonora\",\"description\":\"Poder Executivo\",\"potentialAction\":[{\"@type\":\"SearchAction\",\"target\":{\"@type\":\"EntryPoint\",\"urlTemplate\":\"https:\\\/\\\/sonora.ms.gov.br\\\/v2\\\/?s={search_term_string}\"},\"query-input\":{\"@type\":\"PropertyValueSpecification\",\"valueRequired\":true,\"valueName\":\"search_term_string\"}}],\"inLanguage\":\"pt-BR\"},{\"@type\":\"Person\",\"@id\":\"https:\\\/\\\/sonora.ms.gov.br\\\/v2\\\/#\\\/schema\\\/person\\\/51f6e139289b09c05a59bc20aaab8a50\",\"name\":\"adeildo\",\"image\":{\"@type\":\"ImageObject\",\"inLanguage\":\"pt-BR\",\"@id\":\"https:\\\/\\\/secure.gravatar.com\\\/avatar\\\/e5765d730d44ab1af4a323cac96b3222e77c35c973674361c1bc200f3915939f?s=96&d=mm&r=g\",\"url\":\"https:\\\/\\\/secure.gravatar.com\\\/avatar\\\/e5765d730d44ab1af4a323cac96b3222e77c35c973674361c1bc200f3915939f?s=96&d=mm&r=g\",\"contentUrl\":\"https:\\\/\\\/secure.gravatar.com\\\/avatar\\\/e5765d730d44ab1af4a323cac96b3222e77c35c973674361c1bc200f3915939f?s=96&d=mm&r=g\",\"caption\":\"adeildo\"},\"url\":\"https:\\\/\\\/sonora.ms.gov.br\\\/v2\\\/author\\\/adeildo\\\/\"}]}<\/script>\n<!-- \/ Yoast SEO plugin. -->","yoast_head_json":{"title":"31\u00ba Anivers\u00e1rio de Sonora com shows e muita festa - Prefeitura Municipal de Sonora","robots":{"index":"index","follow":"follow","max-snippet":"max-snippet:-1","max-image-preview":"max-image-preview:large","max-video-preview":"max-video-preview:-1"},"canonical":"https:\/\/sonora.ms.gov.br\/v2\/31o-aniversario-de-sonora-com-shows-e-muita-festa\/","og_locale":"pt_BR","og_type":"article","og_title":"31\u00ba Anivers\u00e1rio de Sonora com shows e muita festa - Prefeitura Municipal de Sonora","og_description":"A Prefeitura de Sonora est\u00e1 preparando uma s\u00e9rie de atividades para comemorar o 31\u00ba anivers\u00e1rio de emancipa\u00e7\u00e3o pol\u00edtico-administrativa. As atividades comemorativas come\u00e7am dia 31 de maio (sexta-feira) \u00e0 02 de junho (domingo) no clube do La\u00e7o Kansas com muita festa, rodeio e shows com artistas nacionais e locais, tamb\u00e9m haver\u00e1 a escolha da Rainha do [&hellip;]","og_url":"https:\/\/sonora.ms.gov.br\/v2\/31o-aniversario-de-sonora-com-shows-e-muita-festa\/","og_site_name":"Prefeitura Municipal de Sonora","article_publisher":"https:\/\/www.facebook.com\/Prefeitura-Municipal-de-Sonora-320210145060198","article_published_time":"2019-05-09T15:57:52+00:00","article_modified_time":"2024-10-07T14:46:15+00:00","og_image":[{"width":960,"height":540,"url":"https:\/\/sonora.ms.gov.br\/v2\/wp-content\/uploads\/2019\/05\/sonora.jpg","type":"image\/jpeg"}],"author":"adeildo","twitter_card":"summary_large_image","twitter_misc":{"Escrito por":"adeildo","Est. tempo de leitura":"2 minutos"},"schema":{"@context":"https:\/\/schema.org","@graph":[{"@type":"Article","@id":"https:\/\/sonora.ms.gov.br\/v2\/31o-aniversario-de-sonora-com-shows-e-muita-festa\/#article","isPartOf":{"@id":"https:\/\/sonora.ms.gov.br\/v2\/31o-aniversario-de-sonora-com-shows-e-muita-festa\/"},"author":{"name":"adeildo","@id":"https:\/\/sonora.ms.gov.br\/v2\/#\/schema\/person\/51f6e139289b09c05a59bc20aaab8a50"},"headline":"31\u00ba Anivers\u00e1rio de Sonora com shows e muita festa","datePublished":"2019-05-09T15:57:52+00:00","dateModified":"2024-10-07T14:46:15+00:00","mainEntityOfPage":{"@id":"https:\/\/sonora.ms.gov.br\/v2\/31o-aniversario-de-sonora-com-shows-e-muita-festa\/"},"wordCount":321,"image":{"@id":"https:\/\/sonora.ms.gov.br\/v2\/31o-aniversario-de-sonora-com-shows-e-muita-festa\/#primaryimage"},"thumbnailUrl":"https:\/\/sonora.ms.gov.br\/v2\/wp-content\/uploads\/2019\/05\/sonora.jpg","inLanguage":"pt-BR"},{"@type":"WebPage","@id":"https:\/\/sonora.ms.gov.br\/v2\/31o-aniversario-de-sonora-com-shows-e-muita-festa\/","url":"https:\/\/sonora.ms.gov.br\/v2\/31o-aniversario-de-sonora-com-shows-e-muita-festa\/","name":"31\u00ba Anivers\u00e1rio de Sonora com shows e muita festa - Prefeitura Municipal de Sonora","isPartOf":{"@id":"https:\/\/sonora.ms.gov.br\/v2\/#website"},"primaryImageOfPage":{"@id":"https:\/\/sonora.ms.gov.br\/v2\/31o-aniversario-de-sonora-com-shows-e-muita-festa\/#primaryimage"},"image":{"@id":"https:\/\/sonora.ms.gov.br\/v2\/31o-aniversario-de-sonora-com-shows-e-muita-festa\/#primaryimage"},"thumbnailUrl":"https:\/\/sonora.ms.gov.br\/v2\/wp-content\/uploads\/2019\/05\/sonora.jpg","datePublished":"2019-05-09T15:57:52+00:00","dateModified":"2024-10-07T14:46:15+00:00","author":{"@id":"https:\/\/sonora.ms.gov.br\/v2\/#\/schema\/person\/51f6e139289b09c05a59bc20aaab8a50"},"breadcrumb":{"@id":"https:\/\/sonora.ms.gov.br\/v2\/31o-aniversario-de-sonora-com-shows-e-muita-festa\/#breadcrumb"},"inLanguage":"pt-BR","potentialAction":[{"@type":"ReadAction","target":["https:\/\/sonora.ms.gov.br\/v2\/31o-aniversario-de-sonora-com-shows-e-muita-festa\/"]}]},{"@type":"ImageObject","inLanguage":"pt-BR","@id":"https:\/\/sonora.ms.gov.br\/v2\/31o-aniversario-de-sonora-com-shows-e-muita-festa\/#primaryimage","url":"https:\/\/sonora.ms.gov.br\/v2\/wp-content\/uploads\/2019\/05\/sonora.jpg","contentUrl":"https:\/\/sonora.ms.gov.br\/v2\/wp-content\/uploads\/2019\/05\/sonora.jpg","width":960,"height":540},{"@type":"BreadcrumbList","@id":"https:\/\/sonora.ms.gov.br\/v2\/31o-aniversario-de-sonora-com-shows-e-muita-festa\/#breadcrumb","itemListElement":[{"@type":"ListItem","position":1,"name":"In\u00edcio","item":"https:\/\/sonora.ms.gov.br\/v2\/"},{"@type":"ListItem","position":2,"name":"31\u00ba Anivers\u00e1rio de Sonora com shows e muita festa"}]},{"@type":"WebSite","@id":"https:\/\/sonora.ms.gov.br\/v2\/#website","url":"https:\/\/sonora.ms.gov.br\/v2\/","name":"Prefeitura Municipal de Sonora","description":"Poder Executivo","potentialAction":[{"@type":"SearchAction","target":{"@type":"EntryPoint","urlTemplate":"https:\/\/sonora.ms.gov.br\/v2\/?s={search_term_string}"},"query-input":{"@type":"PropertyValueSpecification","valueRequired":true,"valueName":"search_term_string"}}],"inLanguage":"pt-BR"},{"@type":"Person","@id":"https:\/\/sonora.ms.gov.br\/v2\/#\/schema\/person\/51f6e139289b09c05a59bc20aaab8a50","name":"adeildo","image":{"@type":"ImageObject","inLanguage":"pt-BR","@id":"https:\/\/secure.gravatar.com\/avatar\/e5765d730d44ab1af4a323cac96b3222e77c35c973674361c1bc200f3915939f?s=96&d=mm&r=g","url":"https:\/\/secure.gravatar.com\/avatar\/e5765d730d44ab1af4a323cac96b3222e77c35c973674361c1bc200f3915939f?s=96&d=mm&r=g","contentUrl":"https:\/\/secure.gravatar.com\/avatar\/e5765d730d44ab1af4a323cac96b3222e77c35c973674361c1bc200f3915939f?s=96&d=mm&r=g","caption":"adeildo"},"url":"https:\/\/sonora.ms.gov.br\/v2\/author\/adeildo\/"}]}},"_links":{"self":[{"href":"https:\/\/sonora.ms.gov.br\/v2\/wp-json\/wp\/v2\/posts\/1135","targetHints":{"allow":["GET"]}}],"collection":[{"href":"https:\/\/sonora.ms.gov.br\/v2\/wp-json\/wp\/v2\/posts"}],"about":[{"href":"https:\/\/sonora.ms.gov.br\/v2\/wp-json\/wp\/v2\/types\/post"}],"author":[{"embeddable":true,"href":"https:\/\/sonora.ms.gov.br\/v2\/wp-json\/wp\/v2\/users\/4"}],"replies":[{"embeddable":true,"href":"https:\/\/sonora.ms.gov.br\/v2\/wp-json\/wp\/v2\/comments?post=1135"}],"version-history":[{"count":5,"href":"https:\/\/sonora.ms.gov.br\/v2\/wp-json\/wp\/v2\/posts\/1135\/revisions"}],"predecessor-version":[{"id":3707,"href":"https:\/\/sonora.ms.gov.br\/v2\/wp-json\/wp\/v2\/posts\/1135\/revisions\/3707"}],"wp:featuredmedia":[{"embeddable":true,"href":"https:\/\/sonora.ms.gov.br\/v2\/wp-json\/wp\/v2\/media\/1137"}],"wp:attachment":[{"href":"https:\/\/sonora.ms.gov.br\/v2\/wp-json\/wp\/v2\/media?parent=1135"}],"wp:term":[{"taxonomy":"category","embeddable":true,"href":"https:\/\/sonora.ms.gov.br\/v2\/wp-json\/wp\/v2\/categories?post=1135"},{"taxonomy":"post_tag","embeddable":true,"href":"https:\/\/sonora.ms.gov.br\/v2\/wp-json\/wp\/v2\/tags?post=1135"}],"curies":[{"name":"wp","href":"https:\/\/api.w.org\/{rel}","templated":true}]}}