{"id":11714,"date":"2024-04-04T18:05:54","date_gmt":"2024-04-04T22:05:54","guid":{"rendered":"https:\/\/sonora.ms.gov.br\/v2\/?p=11714"},"modified":"2024-10-07T10:35:18","modified_gmt":"2024-10-07T14:35:18","slug":"prefeitura-de-sonora-promove-3a-edicao-do-paroo-na-praca","status":"publish","type":"post","link":"https:\/\/sonora.ms.gov.br\/v2\/prefeitura-de-sonora-promove-3a-edicao-do-paroo-na-praca\/","title":{"rendered":"Prefeitura de Sonora promove 3\u00aa edi\u00e7\u00e3o do Par\u00f4o na Pra\u00e7a"},"content":{"rendered":"<p><span style=\"font-weight: 400;\">A terceira edi\u00e7\u00e3o do Par\u00f4o na Pra\u00e7a acontece nesta sexta-feira (05\/04), das 18h \u00e0s 22h no Parque da Cidade. Promovido pela Prefeitura de Sonora, por meio da Ger\u00eancia Municipal de Desenvolvimento Econ\u00f4mico e apoio da Associa\u00e7\u00e3o Comercial e Agroindustrial de Sonora (Acias), mais de 30 empresas participar\u00e3o expondo seus produtos e servi\u00e7os.<\/span><\/p>\n<p><span style=\"font-weight: 400;\">O principal objetivo deste projeto \u00e9 apresentar o que \u00e9 produzido e vendido pelos empreendedores da cidade, mostrar para a popula\u00e7\u00e3o a infinidade de produtos que o com\u00e9rcio local disp\u00f5e \u2013 todos de qualidade, proced\u00eancia e pre\u00e7os acess\u00edveis.<\/span><\/p>\n<p><span style=\"font-weight: 400;\">Ser\u00e3o mais de 30 bancas, com a exposi\u00e7\u00e3o de produtos dos mais diversos segmentos comerciais, como moda, vestu\u00e1rio, cal\u00e7ados, presentes, acess\u00f3rios, alimentos em geral, como salgados, doces e bolos, artesanato e muito mais.<\/span><\/p>\n<h4><b>Servi\u00e7o<\/b><\/h4>\n<p><span style=\"font-weight: 400;\">Data: 05\/04 (sexta-feira)\u00a0<\/span><\/p>\n<p><span style=\"font-weight: 400;\">Hor\u00e1rio: 18h \u00e0s 22h<\/span><\/p>\n<p><span style=\"font-weight: 400;\">Local: Parque da Cidade\u00a0<\/span><\/p>\n","protected":false},"excerpt":{"rendered":"<p>A terceira edi\u00e7\u00e3o do Par\u00f4o na Pra\u00e7a acontece nesta sexta-feira (05\/04), das 18h \u00e0s 22h no Parque da Cidade. Promovido pela Prefeitura de Sonora, por meio da Ger\u00eancia Municipal de Desenvolvimento Econ\u00f4mico e apoio da Associa\u00e7\u00e3o Comercial e Agroindustrial de Sonora (Acias), mais de 30 empresas participar\u00e3o expondo seus produtos e servi\u00e7os. O principal objetivo [&hellip;]<\/p>\n","protected":false},"author":11,"featured_media":11715,"comment_status":"closed","ping_status":"closed","sticky":false,"template":"","format":"standard","meta":{"footnotes":""},"categories":[7,3],"tags":[],"class_list":["post-11714","post","type-post","status-publish","format-standard","has-post-thumbnail","hentry","category-desenvolvimento-economico","category-destaque"],"yoast_head":"<!-- This site is optimized with the Yoast SEO plugin v27.5 - https:\/\/yoast.com\/product\/yoast-seo-wordpress\/ -->\n<title>Prefeitura de Sonora promove 3\u00aa edi\u00e7\u00e3o do Par\u00f4o na Pra\u00e7a - Prefeitura Municipal de Sonora<\/title>\n<meta name=\"robots\" content=\"index, follow, max-snippet:-1, max-image-preview:large, max-video-preview:-1\" \/>\n<link rel=\"canonical\" href=\"https:\/\/sonora.ms.gov.br\/v2\/prefeitura-de-sonora-promove-3a-edicao-do-paroo-na-praca\/\" \/>\n<meta property=\"og:locale\" content=\"pt_BR\" \/>\n<meta property=\"og:type\" content=\"article\" \/>\n<meta property=\"og:title\" content=\"Prefeitura de Sonora promove 3\u00aa edi\u00e7\u00e3o do Par\u00f4o na Pra\u00e7a - Prefeitura Municipal de Sonora\" \/>\n<meta property=\"og:description\" content=\"A terceira edi\u00e7\u00e3o do Par\u00f4o na Pra\u00e7a acontece nesta sexta-feira (05\/04), das 18h \u00e0s 22h no Parque da Cidade. Promovido pela Prefeitura de Sonora, por meio da Ger\u00eancia Municipal de Desenvolvimento Econ\u00f4mico e apoio da Associa\u00e7\u00e3o Comercial e Agroindustrial de Sonora (Acias), mais de 30 empresas participar\u00e3o expondo seus produtos e servi\u00e7os. O principal objetivo [&hellip;]\" \/>\n<meta property=\"og:url\" content=\"https:\/\/sonora.ms.gov.br\/v2\/prefeitura-de-sonora-promove-3a-edicao-do-paroo-na-praca\/\" \/>\n<meta property=\"og:site_name\" content=\"Prefeitura Municipal de Sonora\" \/>\n<meta property=\"article:publisher\" content=\"https:\/\/www.facebook.com\/Prefeitura-Municipal-de-Sonora-320210145060198\" \/>\n<meta property=\"article:published_time\" content=\"2024-04-04T22:05:54+00:00\" \/>\n<meta property=\"article:modified_time\" content=\"2024-10-07T14:35:18+00:00\" \/>\n<meta property=\"og:image\" content=\"https:\/\/sonora.ms.gov.br\/v2\/wp-content\/uploads\/2024\/04\/1-Paroo.jpg\" \/>\n\t<meta property=\"og:image:width\" content=\"900\" \/>\n\t<meta property=\"og:image:height\" content=\"506\" \/>\n\t<meta property=\"og:image:type\" content=\"image\/jpeg\" \/>\n<meta name=\"author\" content=\"ASSECOM\" \/>\n<meta name=\"twitter:card\" content=\"summary_large_image\" \/>\n<meta name=\"twitter:label1\" content=\"Escrito por\" \/>\n\t<meta name=\"twitter:data1\" content=\"ASSECOM\" \/>\n\t<meta name=\"twitter:label2\" content=\"Est. tempo de leitura\" \/>\n\t<meta name=\"twitter:data2\" content=\"1 minuto\" \/>\n<script type=\"application\/ld+json\" class=\"yoast-schema-graph\">{\"@context\":\"https:\\\/\\\/schema.org\",\"@graph\":[{\"@type\":\"Article\",\"@id\":\"https:\\\/\\\/sonora.ms.gov.br\\\/v2\\\/prefeitura-de-sonora-promove-3a-edicao-do-paroo-na-praca\\\/#article\",\"isPartOf\":{\"@id\":\"https:\\\/\\\/sonora.ms.gov.br\\\/v2\\\/prefeitura-de-sonora-promove-3a-edicao-do-paroo-na-praca\\\/\"},\"author\":{\"name\":\"ASSECOM\",\"@id\":\"https:\\\/\\\/sonora.ms.gov.br\\\/v2\\\/#\\\/schema\\\/person\\\/4ab6116642b2d012eb9df4581930d4ba\"},\"headline\":\"Prefeitura de Sonora promove 3\u00aa edi\u00e7\u00e3o do Par\u00f4o na Pra\u00e7a\",\"datePublished\":\"2024-04-04T22:05:54+00:00\",\"dateModified\":\"2024-10-07T14:35:18+00:00\",\"mainEntityOfPage\":{\"@id\":\"https:\\\/\\\/sonora.ms.gov.br\\\/v2\\\/prefeitura-de-sonora-promove-3a-edicao-do-paroo-na-praca\\\/\"},\"wordCount\":161,\"image\":{\"@id\":\"https:\\\/\\\/sonora.ms.gov.br\\\/v2\\\/prefeitura-de-sonora-promove-3a-edicao-do-paroo-na-praca\\\/#primaryimage\"},\"thumbnailUrl\":\"https:\\\/\\\/sonora.ms.gov.br\\\/v2\\\/wp-content\\\/uploads\\\/2024\\\/04\\\/1-Paroo.jpg\",\"articleSection\":[\"Desenvolvimento Econ\u00f4mico\",\"Destaque\"],\"inLanguage\":\"pt-BR\"},{\"@type\":\"WebPage\",\"@id\":\"https:\\\/\\\/sonora.ms.gov.br\\\/v2\\\/prefeitura-de-sonora-promove-3a-edicao-do-paroo-na-praca\\\/\",\"url\":\"https:\\\/\\\/sonora.ms.gov.br\\\/v2\\\/prefeitura-de-sonora-promove-3a-edicao-do-paroo-na-praca\\\/\",\"name\":\"Prefeitura de Sonora promove 3\u00aa edi\u00e7\u00e3o do Par\u00f4o na Pra\u00e7a - Prefeitura Municipal de Sonora\",\"isPartOf\":{\"@id\":\"https:\\\/\\\/sonora.ms.gov.br\\\/v2\\\/#website\"},\"primaryImageOfPage\":{\"@id\":\"https:\\\/\\\/sonora.ms.gov.br\\\/v2\\\/prefeitura-de-sonora-promove-3a-edicao-do-paroo-na-praca\\\/#primaryimage\"},\"image\":{\"@id\":\"https:\\\/\\\/sonora.ms.gov.br\\\/v2\\\/prefeitura-de-sonora-promove-3a-edicao-do-paroo-na-praca\\\/#primaryimage\"},\"thumbnailUrl\":\"https:\\\/\\\/sonora.ms.gov.br\\\/v2\\\/wp-content\\\/uploads\\\/2024\\\/04\\\/1-Paroo.jpg\",\"datePublished\":\"2024-04-04T22:05:54+00:00\",\"dateModified\":\"2024-10-07T14:35:18+00:00\",\"author\":{\"@id\":\"https:\\\/\\\/sonora.ms.gov.br\\\/v2\\\/#\\\/schema\\\/person\\\/4ab6116642b2d012eb9df4581930d4ba\"},\"breadcrumb\":{\"@id\":\"https:\\\/\\\/sonora.ms.gov.br\\\/v2\\\/prefeitura-de-sonora-promove-3a-edicao-do-paroo-na-praca\\\/#breadcrumb\"},\"inLanguage\":\"pt-BR\",\"potentialAction\":[{\"@type\":\"ReadAction\",\"target\":[\"https:\\\/\\\/sonora.ms.gov.br\\\/v2\\\/prefeitura-de-sonora-promove-3a-edicao-do-paroo-na-praca\\\/\"]}]},{\"@type\":\"ImageObject\",\"inLanguage\":\"pt-BR\",\"@id\":\"https:\\\/\\\/sonora.ms.gov.br\\\/v2\\\/prefeitura-de-sonora-promove-3a-edicao-do-paroo-na-praca\\\/#primaryimage\",\"url\":\"https:\\\/\\\/sonora.ms.gov.br\\\/v2\\\/wp-content\\\/uploads\\\/2024\\\/04\\\/1-Paroo.jpg\",\"contentUrl\":\"https:\\\/\\\/sonora.ms.gov.br\\\/v2\\\/wp-content\\\/uploads\\\/2024\\\/04\\\/1-Paroo.jpg\",\"width\":900,\"height\":506},{\"@type\":\"BreadcrumbList\",\"@id\":\"https:\\\/\\\/sonora.ms.gov.br\\\/v2\\\/prefeitura-de-sonora-promove-3a-edicao-do-paroo-na-praca\\\/#breadcrumb\",\"itemListElement\":[{\"@type\":\"ListItem\",\"position\":1,\"name\":\"In\u00edcio\",\"item\":\"https:\\\/\\\/sonora.ms.gov.br\\\/v2\\\/\"},{\"@type\":\"ListItem\",\"position\":2,\"name\":\"Prefeitura de Sonora promove 3\u00aa edi\u00e7\u00e3o do Par\u00f4o na Pra\u00e7a\"}]},{\"@type\":\"WebSite\",\"@id\":\"https:\\\/\\\/sonora.ms.gov.br\\\/v2\\\/#website\",\"url\":\"https:\\\/\\\/sonora.ms.gov.br\\\/v2\\\/\",\"name\":\"Prefeitura Municipal de Sonora\",\"description\":\"Poder Executivo\",\"potentialAction\":[{\"@type\":\"SearchAction\",\"target\":{\"@type\":\"EntryPoint\",\"urlTemplate\":\"https:\\\/\\\/sonora.ms.gov.br\\\/v2\\\/?s={search_term_string}\"},\"query-input\":{\"@type\":\"PropertyValueSpecification\",\"valueRequired\":true,\"valueName\":\"search_term_string\"}}],\"inLanguage\":\"pt-BR\"},{\"@type\":\"Person\",\"@id\":\"https:\\\/\\\/sonora.ms.gov.br\\\/v2\\\/#\\\/schema\\\/person\\\/4ab6116642b2d012eb9df4581930d4ba\",\"name\":\"ASSECOM\",\"image\":{\"@type\":\"ImageObject\",\"inLanguage\":\"pt-BR\",\"@id\":\"https:\\\/\\\/secure.gravatar.com\\\/avatar\\\/07661a622a44db7adc8a2430b0e3ae4fec8761198b558f07b533c423697ce9e6?s=96&d=mm&r=g\",\"url\":\"https:\\\/\\\/secure.gravatar.com\\\/avatar\\\/07661a622a44db7adc8a2430b0e3ae4fec8761198b558f07b533c423697ce9e6?s=96&d=mm&r=g\",\"contentUrl\":\"https:\\\/\\\/secure.gravatar.com\\\/avatar\\\/07661a622a44db7adc8a2430b0e3ae4fec8761198b558f07b533c423697ce9e6?s=96&d=mm&r=g\",\"caption\":\"ASSECOM\"},\"url\":\"https:\\\/\\\/sonora.ms.gov.br\\\/v2\\\/author\\\/fernanda-frefer\\\/\"}]}<\/script>\n<!-- \/ Yoast SEO plugin. -->","yoast_head_json":{"title":"Prefeitura de Sonora promove 3\u00aa edi\u00e7\u00e3o do Par\u00f4o na Pra\u00e7a - Prefeitura Municipal de Sonora","robots":{"index":"index","follow":"follow","max-snippet":"max-snippet:-1","max-image-preview":"max-image-preview:large","max-video-preview":"max-video-preview:-1"},"canonical":"https:\/\/sonora.ms.gov.br\/v2\/prefeitura-de-sonora-promove-3a-edicao-do-paroo-na-praca\/","og_locale":"pt_BR","og_type":"article","og_title":"Prefeitura de Sonora promove 3\u00aa edi\u00e7\u00e3o do Par\u00f4o na Pra\u00e7a - Prefeitura Municipal de Sonora","og_description":"A terceira edi\u00e7\u00e3o do Par\u00f4o na Pra\u00e7a acontece nesta sexta-feira (05\/04), das 18h \u00e0s 22h no Parque da Cidade. Promovido pela Prefeitura de Sonora, por meio da Ger\u00eancia Municipal de Desenvolvimento Econ\u00f4mico e apoio da Associa\u00e7\u00e3o Comercial e Agroindustrial de Sonora (Acias), mais de 30 empresas participar\u00e3o expondo seus produtos e servi\u00e7os. O principal objetivo [&hellip;]","og_url":"https:\/\/sonora.ms.gov.br\/v2\/prefeitura-de-sonora-promove-3a-edicao-do-paroo-na-praca\/","og_site_name":"Prefeitura Municipal de Sonora","article_publisher":"https:\/\/www.facebook.com\/Prefeitura-Municipal-de-Sonora-320210145060198","article_published_time":"2024-04-04T22:05:54+00:00","article_modified_time":"2024-10-07T14:35:18+00:00","og_image":[{"width":900,"height":506,"url":"https:\/\/sonora.ms.gov.br\/v2\/wp-content\/uploads\/2024\/04\/1-Paroo.jpg","type":"image\/jpeg"}],"author":"ASSECOM","twitter_card":"summary_large_image","twitter_misc":{"Escrito por":"ASSECOM","Est. tempo de leitura":"1 minuto"},"schema":{"@context":"https:\/\/schema.org","@graph":[{"@type":"Article","@id":"https:\/\/sonora.ms.gov.br\/v2\/prefeitura-de-sonora-promove-3a-edicao-do-paroo-na-praca\/#article","isPartOf":{"@id":"https:\/\/sonora.ms.gov.br\/v2\/prefeitura-de-sonora-promove-3a-edicao-do-paroo-na-praca\/"},"author":{"name":"ASSECOM","@id":"https:\/\/sonora.ms.gov.br\/v2\/#\/schema\/person\/4ab6116642b2d012eb9df4581930d4ba"},"headline":"Prefeitura de Sonora promove 3\u00aa edi\u00e7\u00e3o do Par\u00f4o na Pra\u00e7a","datePublished":"2024-04-04T22:05:54+00:00","dateModified":"2024-10-07T14:35:18+00:00","mainEntityOfPage":{"@id":"https:\/\/sonora.ms.gov.br\/v2\/prefeitura-de-sonora-promove-3a-edicao-do-paroo-na-praca\/"},"wordCount":161,"image":{"@id":"https:\/\/sonora.ms.gov.br\/v2\/prefeitura-de-sonora-promove-3a-edicao-do-paroo-na-praca\/#primaryimage"},"thumbnailUrl":"https:\/\/sonora.ms.gov.br\/v2\/wp-content\/uploads\/2024\/04\/1-Paroo.jpg","articleSection":["Desenvolvimento Econ\u00f4mico","Destaque"],"inLanguage":"pt-BR"},{"@type":"WebPage","@id":"https:\/\/sonora.ms.gov.br\/v2\/prefeitura-de-sonora-promove-3a-edicao-do-paroo-na-praca\/","url":"https:\/\/sonora.ms.gov.br\/v2\/prefeitura-de-sonora-promove-3a-edicao-do-paroo-na-praca\/","name":"Prefeitura de Sonora promove 3\u00aa edi\u00e7\u00e3o do Par\u00f4o na Pra\u00e7a - Prefeitura Municipal de Sonora","isPartOf":{"@id":"https:\/\/sonora.ms.gov.br\/v2\/#website"},"primaryImageOfPage":{"@id":"https:\/\/sonora.ms.gov.br\/v2\/prefeitura-de-sonora-promove-3a-edicao-do-paroo-na-praca\/#primaryimage"},"image":{"@id":"https:\/\/sonora.ms.gov.br\/v2\/prefeitura-de-sonora-promove-3a-edicao-do-paroo-na-praca\/#primaryimage"},"thumbnailUrl":"https:\/\/sonora.ms.gov.br\/v2\/wp-content\/uploads\/2024\/04\/1-Paroo.jpg","datePublished":"2024-04-04T22:05:54+00:00","dateModified":"2024-10-07T14:35:18+00:00","author":{"@id":"https:\/\/sonora.ms.gov.br\/v2\/#\/schema\/person\/4ab6116642b2d012eb9df4581930d4ba"},"breadcrumb":{"@id":"https:\/\/sonora.ms.gov.br\/v2\/prefeitura-de-sonora-promove-3a-edicao-do-paroo-na-praca\/#breadcrumb"},"inLanguage":"pt-BR","potentialAction":[{"@type":"ReadAction","target":["https:\/\/sonora.ms.gov.br\/v2\/prefeitura-de-sonora-promove-3a-edicao-do-paroo-na-praca\/"]}]},{"@type":"ImageObject","inLanguage":"pt-BR","@id":"https:\/\/sonora.ms.gov.br\/v2\/prefeitura-de-sonora-promove-3a-edicao-do-paroo-na-praca\/#primaryimage","url":"https:\/\/sonora.ms.gov.br\/v2\/wp-content\/uploads\/2024\/04\/1-Paroo.jpg","contentUrl":"https:\/\/sonora.ms.gov.br\/v2\/wp-content\/uploads\/2024\/04\/1-Paroo.jpg","width":900,"height":506},{"@type":"BreadcrumbList","@id":"https:\/\/sonora.ms.gov.br\/v2\/prefeitura-de-sonora-promove-3a-edicao-do-paroo-na-praca\/#breadcrumb","itemListElement":[{"@type":"ListItem","position":1,"name":"In\u00edcio","item":"https:\/\/sonora.ms.gov.br\/v2\/"},{"@type":"ListItem","position":2,"name":"Prefeitura de Sonora promove 3\u00aa edi\u00e7\u00e3o do Par\u00f4o na Pra\u00e7a"}]},{"@type":"WebSite","@id":"https:\/\/sonora.ms.gov.br\/v2\/#website","url":"https:\/\/sonora.ms.gov.br\/v2\/","name":"Prefeitura Municipal de Sonora","description":"Poder Executivo","potentialAction":[{"@type":"SearchAction","target":{"@type":"EntryPoint","urlTemplate":"https:\/\/sonora.ms.gov.br\/v2\/?s={search_term_string}"},"query-input":{"@type":"PropertyValueSpecification","valueRequired":true,"valueName":"search_term_string"}}],"inLanguage":"pt-BR"},{"@type":"Person","@id":"https:\/\/sonora.ms.gov.br\/v2\/#\/schema\/person\/4ab6116642b2d012eb9df4581930d4ba","name":"ASSECOM","image":{"@type":"ImageObject","inLanguage":"pt-BR","@id":"https:\/\/secure.gravatar.com\/avatar\/07661a622a44db7adc8a2430b0e3ae4fec8761198b558f07b533c423697ce9e6?s=96&d=mm&r=g","url":"https:\/\/secure.gravatar.com\/avatar\/07661a622a44db7adc8a2430b0e3ae4fec8761198b558f07b533c423697ce9e6?s=96&d=mm&r=g","contentUrl":"https:\/\/secure.gravatar.com\/avatar\/07661a622a44db7adc8a2430b0e3ae4fec8761198b558f07b533c423697ce9e6?s=96&d=mm&r=g","caption":"ASSECOM"},"url":"https:\/\/sonora.ms.gov.br\/v2\/author\/fernanda-frefer\/"}]}},"_links":{"self":[{"href":"https:\/\/sonora.ms.gov.br\/v2\/wp-json\/wp\/v2\/posts\/11714","targetHints":{"allow":["GET"]}}],"collection":[{"href":"https:\/\/sonora.ms.gov.br\/v2\/wp-json\/wp\/v2\/posts"}],"about":[{"href":"https:\/\/sonora.ms.gov.br\/v2\/wp-json\/wp\/v2\/types\/post"}],"author":[{"embeddable":true,"href":"https:\/\/sonora.ms.gov.br\/v2\/wp-json\/wp\/v2\/users\/11"}],"replies":[{"embeddable":true,"href":"https:\/\/sonora.ms.gov.br\/v2\/wp-json\/wp\/v2\/comments?post=11714"}],"version-history":[{"count":1,"href":"https:\/\/sonora.ms.gov.br\/v2\/wp-json\/wp\/v2\/posts\/11714\/revisions"}],"predecessor-version":[{"id":11716,"href":"https:\/\/sonora.ms.gov.br\/v2\/wp-json\/wp\/v2\/posts\/11714\/revisions\/11716"}],"wp:featuredmedia":[{"embeddable":true,"href":"https:\/\/sonora.ms.gov.br\/v2\/wp-json\/wp\/v2\/media\/11715"}],"wp:attachment":[{"href":"https:\/\/sonora.ms.gov.br\/v2\/wp-json\/wp\/v2\/media?parent=11714"}],"wp:term":[{"taxonomy":"category","embeddable":true,"href":"https:\/\/sonora.ms.gov.br\/v2\/wp-json\/wp\/v2\/categories?post=11714"},{"taxonomy":"post_tag","embeddable":true,"href":"https:\/\/sonora.ms.gov.br\/v2\/wp-json\/wp\/v2\/tags?post=11714"}],"curies":[{"name":"wp","href":"https:\/\/api.w.org\/{rel}","templated":true}]}}