{"id":1260,"date":"2019-06-05T15:49:26","date_gmt":"2019-06-05T19:49:26","guid":{"rendered":"https:\/\/sonora.ms.gov.br\/v2\/?p=1260"},"modified":"2024-10-07T10:46:00","modified_gmt":"2024-10-07T14:46:00","slug":"o-municipio-de-sonora-comemora-seus-31-anos-em-grande-estilo","status":"publish","type":"post","link":"https:\/\/sonora.ms.gov.br\/v2\/o-municipio-de-sonora-comemora-seus-31-anos-em-grande-estilo\/","title":{"rendered":"O munic\u00edpio de Sonora comemora seus 31 anos em grande estilo"},"content":{"rendered":"<p>As festividades em comemora\u00e7\u00e3o dos 31 anos de emancipa\u00e7\u00e3o pol\u00edtico-administrativa de Sonora, tiveram in\u00edcio na sexta-feira dia 31 de maio e se estenderam at\u00e9 o dia 3 segunda-feira, diversas programa\u00e7\u00f5es comemorativas nesse per\u00edodo foram realizadas.<\/p>\n<p><img loading=\"lazy\" decoding=\"async\" class=\"wp-image-1263 alignleft\" src=\"https:\/\/sonora.ms.gov.br\/v2\/wp-content\/uploads\/2019\/06\/MVIMG_20190601_212246489-300x225.jpg\" alt=\"\" width=\"432\" height=\"324\" srcset=\"https:\/\/sonora.ms.gov.br\/v2\/wp-content\/uploads\/2019\/06\/MVIMG_20190601_212246489-300x225.jpg 300w, https:\/\/sonora.ms.gov.br\/v2\/wp-content\/uploads\/2019\/06\/MVIMG_20190601_212246489-768x576.jpg 768w, https:\/\/sonora.ms.gov.br\/v2\/wp-content\/uploads\/2019\/06\/MVIMG_20190601_212246489-1024x768.jpg 1024w, https:\/\/sonora.ms.gov.br\/v2\/wp-content\/uploads\/2019\/06\/MVIMG_20190601_212246489-265x198.jpg 265w, https:\/\/sonora.ms.gov.br\/v2\/wp-content\/uploads\/2019\/06\/MVIMG_20190601_212246489-530x396.jpg 530w\" sizes=\"auto, (max-width: 432px) 100vw, 432px\" \/>O Clube de La\u00e7o Kansas foi sede de uma grande festa de Rodeio Show realizado pela APAE de Sonora com apoio da prefeitura, o evento contou com provas de montaria em touro com narradores de rodeio nacionais, provas de la\u00e7o, Team Roping, shows com cantores nacionais e locais, almo\u00e7o beneficente ao Projeto Esperan\u00e7a.<\/p>\n<p>Na segunda feira (3), as festividades come\u00e7aram com um caf\u00e9 da manh\u00e3 oferecido pela prefeitura municipal as autoridades, dentre elas o deputado estadual Marcio Fernandes. E durante todo o dia houve atividades c\u00edvicas. O munic\u00edpio recebeu da prefeitura municipal o Parque da Cidade totalmente reformado e revitalizado com uma estrutura moderna, o palco para shows e apresenta\u00e7\u00f5es culturais e a pra\u00e7a de alimenta\u00e7\u00e3o, passaram por uma mudan\u00e7a arquitet\u00f4nica, no parquinho infantil todos os brinquedos foram substitu\u00eddos, o parque da cidade ganhou tamb\u00e9m uma academia de gin\u00e1stica moderna para os praticantes de atividades f\u00edsicas.<\/p>\n<p><img loading=\"lazy\" decoding=\"async\" class=\" wp-image-1264 alignleft\" src=\"https:\/\/sonora.ms.gov.br\/v2\/wp-content\/uploads\/2019\/06\/MVIMG_20190603_100714204-300x225.jpg\" alt=\"\" width=\"427\" height=\"320\" srcset=\"https:\/\/sonora.ms.gov.br\/v2\/wp-content\/uploads\/2019\/06\/MVIMG_20190603_100714204-300x225.jpg 300w, https:\/\/sonora.ms.gov.br\/v2\/wp-content\/uploads\/2019\/06\/MVIMG_20190603_100714204-768x576.jpg 768w, https:\/\/sonora.ms.gov.br\/v2\/wp-content\/uploads\/2019\/06\/MVIMG_20190603_100714204-1024x768.jpg 1024w, https:\/\/sonora.ms.gov.br\/v2\/wp-content\/uploads\/2019\/06\/MVIMG_20190603_100714204-265x198.jpg 265w, https:\/\/sonora.ms.gov.br\/v2\/wp-content\/uploads\/2019\/06\/MVIMG_20190603_100714204-530x396.jpg 530w\" sizes=\"auto, (max-width: 427px) 100vw, 427px\" \/>Tamb\u00e9m foi apresentado da Patrulha Mirim a comunidade e as autoridades do munic\u00edpio e entregue os uniformes aos seus integrantes, projeto este de parceria entre a Pol\u00edcia Militar e Prefeitura de Sonora. A cidade recebeu tamb\u00e9m a quadra poliesportiva na escola Jos\u00e9 Guilherme Farinon, totalmente reformada e adequada para ser utilizada em eventos esportivos culturais, trazendo melhor qualidade de vida aos moradores do bairro Vila Nova e bairros vizinhos, logo ap\u00f3s a C\u00e2mara Municipal de Vereadores, realizou uma solenidade para homenagear 18 pessoas com o t\u00edtulo de Cidad\u00e3o Sonorense por relevantes servi\u00e7os prestados \u00e0 comunidade, eles foram indicados pelo prefeito Enelto Ramos, pelo vice-prefeito Jos\u00e9 Vicente Scheafer, e pelo presidente da C\u00e2mara Municipal de Vereadores Raphael de Lemos e demais vereadores.<\/p>\n<p><img loading=\"lazy\" decoding=\"async\" class=\"wp-image-1265 alignleft\" src=\"https:\/\/sonora.ms.gov.br\/v2\/wp-content\/uploads\/2019\/06\/desfile-2-300x225.jpeg\" alt=\"\" width=\"421\" height=\"316\" srcset=\"https:\/\/sonora.ms.gov.br\/v2\/wp-content\/uploads\/2019\/06\/desfile-2-300x225.jpeg 300w, https:\/\/sonora.ms.gov.br\/v2\/wp-content\/uploads\/2019\/06\/desfile-2-768x576.jpeg 768w, https:\/\/sonora.ms.gov.br\/v2\/wp-content\/uploads\/2019\/06\/desfile-2-1024x768.jpeg 1024w, https:\/\/sonora.ms.gov.br\/v2\/wp-content\/uploads\/2019\/06\/desfile-2-265x198.jpeg 265w, https:\/\/sonora.ms.gov.br\/v2\/wp-content\/uploads\/2019\/06\/desfile-2-530x396.jpeg 530w, https:\/\/sonora.ms.gov.br\/v2\/wp-content\/uploads\/2019\/06\/desfile-2.jpeg 1280w\" sizes=\"auto, (max-width: 421px) 100vw, 421px\" \/>E para completar a festa, \u00e0s 15:30 horas teve in\u00edcio ao grande desfile c\u00edvico do munic\u00edpio, organizado pela ger\u00eancia de Educa\u00e7\u00e3o, Cultura, Esporte e Lazer, que contou com a participa\u00e7\u00e3o de todas as escola do munic\u00edpio, e tamb\u00e9m entidades como os Clubes de Desbravadores Arautos do Pantanal e Anjos do Lago, a APAE de Sonora que fez uma bela apresenta\u00e7\u00e3o com seus alunos diante do palanque, encantando as autoridades presentes, os projetos PROERD, Bom de Bola, Bom de Escola e Patrulha Mirim, a banda de percuss\u00e3o do munic\u00edpio fez a abertura e a banda do 47\u00ba Batalh\u00e3o de Infantaria do Ex\u00e9rcito Brasileiro sediado em Coxim encerrou o desfile c\u00edvico escolar.<\/p>\n<p><img loading=\"lazy\" decoding=\"async\" class=\"alignnone wp-image-1266\" src=\"https:\/\/sonora.ms.gov.br\/v2\/wp-content\/uploads\/2019\/06\/MVIMG_20190602_003014758-300x225.jpg\" alt=\"\" width=\"425\" height=\"319\" srcset=\"https:\/\/sonora.ms.gov.br\/v2\/wp-content\/uploads\/2019\/06\/MVIMG_20190602_003014758-300x225.jpg 300w, https:\/\/sonora.ms.gov.br\/v2\/wp-content\/uploads\/2019\/06\/MVIMG_20190602_003014758-768x576.jpg 768w, https:\/\/sonora.ms.gov.br\/v2\/wp-content\/uploads\/2019\/06\/MVIMG_20190602_003014758-1024x768.jpg 1024w, https:\/\/sonora.ms.gov.br\/v2\/wp-content\/uploads\/2019\/06\/MVIMG_20190602_003014758-265x198.jpg 265w, https:\/\/sonora.ms.gov.br\/v2\/wp-content\/uploads\/2019\/06\/MVIMG_20190602_003014758-530x396.jpg 530w\" sizes=\"auto, (max-width: 425px) 100vw, 425px\" \/> <img loading=\"lazy\" decoding=\"async\" class=\"alignnone wp-image-1267\" src=\"https:\/\/sonora.ms.gov.br\/v2\/wp-content\/uploads\/2019\/06\/MVIMG_20190602_003045140-300x225.jpg\" alt=\"\" width=\"424\" height=\"318\" srcset=\"https:\/\/sonora.ms.gov.br\/v2\/wp-content\/uploads\/2019\/06\/MVIMG_20190602_003045140-300x225.jpg 300w, https:\/\/sonora.ms.gov.br\/v2\/wp-content\/uploads\/2019\/06\/MVIMG_20190602_003045140-768x576.jpg 768w, https:\/\/sonora.ms.gov.br\/v2\/wp-content\/uploads\/2019\/06\/MVIMG_20190602_003045140-1024x768.jpg 1024w, https:\/\/sonora.ms.gov.br\/v2\/wp-content\/uploads\/2019\/06\/MVIMG_20190602_003045140-265x198.jpg 265w, https:\/\/sonora.ms.gov.br\/v2\/wp-content\/uploads\/2019\/06\/MVIMG_20190602_003045140-530x396.jpg 530w\" sizes=\"auto, (max-width: 424px) 100vw, 424px\" \/><\/p>\n","protected":false},"excerpt":{"rendered":"<p>As festividades em comemora\u00e7\u00e3o dos 31 anos de emancipa\u00e7\u00e3o pol\u00edtico-administrativa de Sonora, tiveram in\u00edcio na sexta-feira dia 31 de maio e se estenderam at\u00e9 o dia 3 segunda-feira, diversas programa\u00e7\u00f5es comemorativas nesse per\u00edodo foram realizadas. O Clube de La\u00e7o Kansas foi sede de uma grande festa de Rodeio Show realizado pela APAE de Sonora com [&hellip;]<\/p>\n","protected":false},"author":4,"featured_media":1262,"comment_status":"closed","ping_status":"closed","sticky":false,"template":"","format":"standard","meta":{"footnotes":""},"categories":[3,10],"tags":[],"class_list":["post-1260","post","type-post","status-publish","format-standard","has-post-thumbnail","hentry","category-destaque","category-gabinete-do-prefeito"],"yoast_head":"<!-- This site is optimized with the Yoast SEO plugin v27.4 - https:\/\/yoast.com\/product\/yoast-seo-wordpress\/ -->\n<title>O munic\u00edpio de Sonora comemora seus 31 anos em grande estilo - Prefeitura Municipal de Sonora<\/title>\n<meta name=\"robots\" content=\"index, follow, max-snippet:-1, max-image-preview:large, max-video-preview:-1\" \/>\n<link rel=\"canonical\" href=\"https:\/\/sonora.ms.gov.br\/v2\/o-municipio-de-sonora-comemora-seus-31-anos-em-grande-estilo\/\" \/>\n<meta property=\"og:locale\" content=\"pt_BR\" \/>\n<meta property=\"og:type\" content=\"article\" \/>\n<meta property=\"og:title\" content=\"O munic\u00edpio de Sonora comemora seus 31 anos em grande estilo - Prefeitura Municipal de Sonora\" \/>\n<meta property=\"og:description\" content=\"As festividades em comemora\u00e7\u00e3o dos 31 anos de emancipa\u00e7\u00e3o pol\u00edtico-administrativa de Sonora, tiveram in\u00edcio na sexta-feira dia 31 de maio e se estenderam at\u00e9 o dia 3 segunda-feira, diversas programa\u00e7\u00f5es comemorativas nesse per\u00edodo foram realizadas. O Clube de La\u00e7o Kansas foi sede de uma grande festa de Rodeio Show realizado pela APAE de Sonora com [&hellip;]\" \/>\n<meta property=\"og:url\" content=\"https:\/\/sonora.ms.gov.br\/v2\/o-municipio-de-sonora-comemora-seus-31-anos-em-grande-estilo\/\" \/>\n<meta property=\"og:site_name\" content=\"Prefeitura Municipal de Sonora\" \/>\n<meta property=\"article:publisher\" content=\"https:\/\/www.facebook.com\/Prefeitura-Municipal-de-Sonora-320210145060198\" \/>\n<meta property=\"article:published_time\" content=\"2019-06-05T19:49:26+00:00\" \/>\n<meta property=\"article:modified_time\" content=\"2024-10-07T14:46:00+00:00\" \/>\n<meta property=\"og:image\" content=\"https:\/\/sonora.ms.gov.br\/v2\/wp-content\/uploads\/2019\/06\/banda.jpeg\" \/>\n\t<meta property=\"og:image:width\" content=\"1280\" \/>\n\t<meta property=\"og:image:height\" content=\"960\" \/>\n\t<meta property=\"og:image:type\" content=\"image\/jpeg\" \/>\n<meta name=\"author\" content=\"adeildo\" \/>\n<meta name=\"twitter:card\" content=\"summary_large_image\" \/>\n<meta name=\"twitter:label1\" content=\"Escrito por\" \/>\n\t<meta name=\"twitter:data1\" content=\"adeildo\" \/>\n\t<meta name=\"twitter:label2\" content=\"Est. tempo de leitura\" \/>\n\t<meta name=\"twitter:data2\" content=\"2 minutos\" \/>\n<script type=\"application\/ld+json\" class=\"yoast-schema-graph\">{\"@context\":\"https:\\\/\\\/schema.org\",\"@graph\":[{\"@type\":\"Article\",\"@id\":\"https:\\\/\\\/sonora.ms.gov.br\\\/v2\\\/o-municipio-de-sonora-comemora-seus-31-anos-em-grande-estilo\\\/#article\",\"isPartOf\":{\"@id\":\"https:\\\/\\\/sonora.ms.gov.br\\\/v2\\\/o-municipio-de-sonora-comemora-seus-31-anos-em-grande-estilo\\\/\"},\"author\":{\"name\":\"adeildo\",\"@id\":\"https:\\\/\\\/sonora.ms.gov.br\\\/v2\\\/#\\\/schema\\\/person\\\/51f6e139289b09c05a59bc20aaab8a50\"},\"headline\":\"O munic\u00edpio de Sonora comemora seus 31 anos em grande estilo\",\"datePublished\":\"2019-06-05T19:49:26+00:00\",\"dateModified\":\"2024-10-07T14:46:00+00:00\",\"mainEntityOfPage\":{\"@id\":\"https:\\\/\\\/sonora.ms.gov.br\\\/v2\\\/o-municipio-de-sonora-comemora-seus-31-anos-em-grande-estilo\\\/\"},\"wordCount\":461,\"image\":{\"@id\":\"https:\\\/\\\/sonora.ms.gov.br\\\/v2\\\/o-municipio-de-sonora-comemora-seus-31-anos-em-grande-estilo\\\/#primaryimage\"},\"thumbnailUrl\":\"https:\\\/\\\/sonora.ms.gov.br\\\/v2\\\/wp-content\\\/uploads\\\/2019\\\/06\\\/banda.jpeg\",\"articleSection\":[\"Destaque\",\"Gabinete do Prefeito\"],\"inLanguage\":\"pt-BR\"},{\"@type\":\"WebPage\",\"@id\":\"https:\\\/\\\/sonora.ms.gov.br\\\/v2\\\/o-municipio-de-sonora-comemora-seus-31-anos-em-grande-estilo\\\/\",\"url\":\"https:\\\/\\\/sonora.ms.gov.br\\\/v2\\\/o-municipio-de-sonora-comemora-seus-31-anos-em-grande-estilo\\\/\",\"name\":\"O munic\u00edpio de Sonora comemora seus 31 anos em grande estilo - Prefeitura Municipal de Sonora\",\"isPartOf\":{\"@id\":\"https:\\\/\\\/sonora.ms.gov.br\\\/v2\\\/#website\"},\"primaryImageOfPage\":{\"@id\":\"https:\\\/\\\/sonora.ms.gov.br\\\/v2\\\/o-municipio-de-sonora-comemora-seus-31-anos-em-grande-estilo\\\/#primaryimage\"},\"image\":{\"@id\":\"https:\\\/\\\/sonora.ms.gov.br\\\/v2\\\/o-municipio-de-sonora-comemora-seus-31-anos-em-grande-estilo\\\/#primaryimage\"},\"thumbnailUrl\":\"https:\\\/\\\/sonora.ms.gov.br\\\/v2\\\/wp-content\\\/uploads\\\/2019\\\/06\\\/banda.jpeg\",\"datePublished\":\"2019-06-05T19:49:26+00:00\",\"dateModified\":\"2024-10-07T14:46:00+00:00\",\"author\":{\"@id\":\"https:\\\/\\\/sonora.ms.gov.br\\\/v2\\\/#\\\/schema\\\/person\\\/51f6e139289b09c05a59bc20aaab8a50\"},\"breadcrumb\":{\"@id\":\"https:\\\/\\\/sonora.ms.gov.br\\\/v2\\\/o-municipio-de-sonora-comemora-seus-31-anos-em-grande-estilo\\\/#breadcrumb\"},\"inLanguage\":\"pt-BR\",\"potentialAction\":[{\"@type\":\"ReadAction\",\"target\":[\"https:\\\/\\\/sonora.ms.gov.br\\\/v2\\\/o-municipio-de-sonora-comemora-seus-31-anos-em-grande-estilo\\\/\"]}]},{\"@type\":\"ImageObject\",\"inLanguage\":\"pt-BR\",\"@id\":\"https:\\\/\\\/sonora.ms.gov.br\\\/v2\\\/o-municipio-de-sonora-comemora-seus-31-anos-em-grande-estilo\\\/#primaryimage\",\"url\":\"https:\\\/\\\/sonora.ms.gov.br\\\/v2\\\/wp-content\\\/uploads\\\/2019\\\/06\\\/banda.jpeg\",\"contentUrl\":\"https:\\\/\\\/sonora.ms.gov.br\\\/v2\\\/wp-content\\\/uploads\\\/2019\\\/06\\\/banda.jpeg\",\"width\":1280,\"height\":960},{\"@type\":\"BreadcrumbList\",\"@id\":\"https:\\\/\\\/sonora.ms.gov.br\\\/v2\\\/o-municipio-de-sonora-comemora-seus-31-anos-em-grande-estilo\\\/#breadcrumb\",\"itemListElement\":[{\"@type\":\"ListItem\",\"position\":1,\"name\":\"In\u00edcio\",\"item\":\"https:\\\/\\\/sonora.ms.gov.br\\\/v2\\\/\"},{\"@type\":\"ListItem\",\"position\":2,\"name\":\"O munic\u00edpio de Sonora comemora seus 31 anos em grande estilo\"}]},{\"@type\":\"WebSite\",\"@id\":\"https:\\\/\\\/sonora.ms.gov.br\\\/v2\\\/#website\",\"url\":\"https:\\\/\\\/sonora.ms.gov.br\\\/v2\\\/\",\"name\":\"Prefeitura Municipal de Sonora\",\"description\":\"Poder Executivo\",\"potentialAction\":[{\"@type\":\"SearchAction\",\"target\":{\"@type\":\"EntryPoint\",\"urlTemplate\":\"https:\\\/\\\/sonora.ms.gov.br\\\/v2\\\/?s={search_term_string}\"},\"query-input\":{\"@type\":\"PropertyValueSpecification\",\"valueRequired\":true,\"valueName\":\"search_term_string\"}}],\"inLanguage\":\"pt-BR\"},{\"@type\":\"Person\",\"@id\":\"https:\\\/\\\/sonora.ms.gov.br\\\/v2\\\/#\\\/schema\\\/person\\\/51f6e139289b09c05a59bc20aaab8a50\",\"name\":\"adeildo\",\"image\":{\"@type\":\"ImageObject\",\"inLanguage\":\"pt-BR\",\"@id\":\"https:\\\/\\\/secure.gravatar.com\\\/avatar\\\/e5765d730d44ab1af4a323cac96b3222e77c35c973674361c1bc200f3915939f?s=96&d=mm&r=g\",\"url\":\"https:\\\/\\\/secure.gravatar.com\\\/avatar\\\/e5765d730d44ab1af4a323cac96b3222e77c35c973674361c1bc200f3915939f?s=96&d=mm&r=g\",\"contentUrl\":\"https:\\\/\\\/secure.gravatar.com\\\/avatar\\\/e5765d730d44ab1af4a323cac96b3222e77c35c973674361c1bc200f3915939f?s=96&d=mm&r=g\",\"caption\":\"adeildo\"},\"url\":\"https:\\\/\\\/sonora.ms.gov.br\\\/v2\\\/author\\\/adeildo\\\/\"}]}<\/script>\n<!-- \/ Yoast SEO plugin. -->","yoast_head_json":{"title":"O munic\u00edpio de Sonora comemora seus 31 anos em grande estilo - Prefeitura Municipal de Sonora","robots":{"index":"index","follow":"follow","max-snippet":"max-snippet:-1","max-image-preview":"max-image-preview:large","max-video-preview":"max-video-preview:-1"},"canonical":"https:\/\/sonora.ms.gov.br\/v2\/o-municipio-de-sonora-comemora-seus-31-anos-em-grande-estilo\/","og_locale":"pt_BR","og_type":"article","og_title":"O munic\u00edpio de Sonora comemora seus 31 anos em grande estilo - Prefeitura Municipal de Sonora","og_description":"As festividades em comemora\u00e7\u00e3o dos 31 anos de emancipa\u00e7\u00e3o pol\u00edtico-administrativa de Sonora, tiveram in\u00edcio na sexta-feira dia 31 de maio e se estenderam at\u00e9 o dia 3 segunda-feira, diversas programa\u00e7\u00f5es comemorativas nesse per\u00edodo foram realizadas. O Clube de La\u00e7o Kansas foi sede de uma grande festa de Rodeio Show realizado pela APAE de Sonora com [&hellip;]","og_url":"https:\/\/sonora.ms.gov.br\/v2\/o-municipio-de-sonora-comemora-seus-31-anos-em-grande-estilo\/","og_site_name":"Prefeitura Municipal de Sonora","article_publisher":"https:\/\/www.facebook.com\/Prefeitura-Municipal-de-Sonora-320210145060198","article_published_time":"2019-06-05T19:49:26+00:00","article_modified_time":"2024-10-07T14:46:00+00:00","og_image":[{"width":1280,"height":960,"url":"https:\/\/sonora.ms.gov.br\/v2\/wp-content\/uploads\/2019\/06\/banda.jpeg","type":"image\/jpeg"}],"author":"adeildo","twitter_card":"summary_large_image","twitter_misc":{"Escrito por":"adeildo","Est. tempo de leitura":"2 minutos"},"schema":{"@context":"https:\/\/schema.org","@graph":[{"@type":"Article","@id":"https:\/\/sonora.ms.gov.br\/v2\/o-municipio-de-sonora-comemora-seus-31-anos-em-grande-estilo\/#article","isPartOf":{"@id":"https:\/\/sonora.ms.gov.br\/v2\/o-municipio-de-sonora-comemora-seus-31-anos-em-grande-estilo\/"},"author":{"name":"adeildo","@id":"https:\/\/sonora.ms.gov.br\/v2\/#\/schema\/person\/51f6e139289b09c05a59bc20aaab8a50"},"headline":"O munic\u00edpio de Sonora comemora seus 31 anos em grande estilo","datePublished":"2019-06-05T19:49:26+00:00","dateModified":"2024-10-07T14:46:00+00:00","mainEntityOfPage":{"@id":"https:\/\/sonora.ms.gov.br\/v2\/o-municipio-de-sonora-comemora-seus-31-anos-em-grande-estilo\/"},"wordCount":461,"image":{"@id":"https:\/\/sonora.ms.gov.br\/v2\/o-municipio-de-sonora-comemora-seus-31-anos-em-grande-estilo\/#primaryimage"},"thumbnailUrl":"https:\/\/sonora.ms.gov.br\/v2\/wp-content\/uploads\/2019\/06\/banda.jpeg","articleSection":["Destaque","Gabinete do Prefeito"],"inLanguage":"pt-BR"},{"@type":"WebPage","@id":"https:\/\/sonora.ms.gov.br\/v2\/o-municipio-de-sonora-comemora-seus-31-anos-em-grande-estilo\/","url":"https:\/\/sonora.ms.gov.br\/v2\/o-municipio-de-sonora-comemora-seus-31-anos-em-grande-estilo\/","name":"O munic\u00edpio de Sonora comemora seus 31 anos em grande estilo - Prefeitura Municipal de Sonora","isPartOf":{"@id":"https:\/\/sonora.ms.gov.br\/v2\/#website"},"primaryImageOfPage":{"@id":"https:\/\/sonora.ms.gov.br\/v2\/o-municipio-de-sonora-comemora-seus-31-anos-em-grande-estilo\/#primaryimage"},"image":{"@id":"https:\/\/sonora.ms.gov.br\/v2\/o-municipio-de-sonora-comemora-seus-31-anos-em-grande-estilo\/#primaryimage"},"thumbnailUrl":"https:\/\/sonora.ms.gov.br\/v2\/wp-content\/uploads\/2019\/06\/banda.jpeg","datePublished":"2019-06-05T19:49:26+00:00","dateModified":"2024-10-07T14:46:00+00:00","author":{"@id":"https:\/\/sonora.ms.gov.br\/v2\/#\/schema\/person\/51f6e139289b09c05a59bc20aaab8a50"},"breadcrumb":{"@id":"https:\/\/sonora.ms.gov.br\/v2\/o-municipio-de-sonora-comemora-seus-31-anos-em-grande-estilo\/#breadcrumb"},"inLanguage":"pt-BR","potentialAction":[{"@type":"ReadAction","target":["https:\/\/sonora.ms.gov.br\/v2\/o-municipio-de-sonora-comemora-seus-31-anos-em-grande-estilo\/"]}]},{"@type":"ImageObject","inLanguage":"pt-BR","@id":"https:\/\/sonora.ms.gov.br\/v2\/o-municipio-de-sonora-comemora-seus-31-anos-em-grande-estilo\/#primaryimage","url":"https:\/\/sonora.ms.gov.br\/v2\/wp-content\/uploads\/2019\/06\/banda.jpeg","contentUrl":"https:\/\/sonora.ms.gov.br\/v2\/wp-content\/uploads\/2019\/06\/banda.jpeg","width":1280,"height":960},{"@type":"BreadcrumbList","@id":"https:\/\/sonora.ms.gov.br\/v2\/o-municipio-de-sonora-comemora-seus-31-anos-em-grande-estilo\/#breadcrumb","itemListElement":[{"@type":"ListItem","position":1,"name":"In\u00edcio","item":"https:\/\/sonora.ms.gov.br\/v2\/"},{"@type":"ListItem","position":2,"name":"O munic\u00edpio de Sonora comemora seus 31 anos em grande estilo"}]},{"@type":"WebSite","@id":"https:\/\/sonora.ms.gov.br\/v2\/#website","url":"https:\/\/sonora.ms.gov.br\/v2\/","name":"Prefeitura Municipal de Sonora","description":"Poder Executivo","potentialAction":[{"@type":"SearchAction","target":{"@type":"EntryPoint","urlTemplate":"https:\/\/sonora.ms.gov.br\/v2\/?s={search_term_string}"},"query-input":{"@type":"PropertyValueSpecification","valueRequired":true,"valueName":"search_term_string"}}],"inLanguage":"pt-BR"},{"@type":"Person","@id":"https:\/\/sonora.ms.gov.br\/v2\/#\/schema\/person\/51f6e139289b09c05a59bc20aaab8a50","name":"adeildo","image":{"@type":"ImageObject","inLanguage":"pt-BR","@id":"https:\/\/secure.gravatar.com\/avatar\/e5765d730d44ab1af4a323cac96b3222e77c35c973674361c1bc200f3915939f?s=96&d=mm&r=g","url":"https:\/\/secure.gravatar.com\/avatar\/e5765d730d44ab1af4a323cac96b3222e77c35c973674361c1bc200f3915939f?s=96&d=mm&r=g","contentUrl":"https:\/\/secure.gravatar.com\/avatar\/e5765d730d44ab1af4a323cac96b3222e77c35c973674361c1bc200f3915939f?s=96&d=mm&r=g","caption":"adeildo"},"url":"https:\/\/sonora.ms.gov.br\/v2\/author\/adeildo\/"}]}},"_links":{"self":[{"href":"https:\/\/sonora.ms.gov.br\/v2\/wp-json\/wp\/v2\/posts\/1260","targetHints":{"allow":["GET"]}}],"collection":[{"href":"https:\/\/sonora.ms.gov.br\/v2\/wp-json\/wp\/v2\/posts"}],"about":[{"href":"https:\/\/sonora.ms.gov.br\/v2\/wp-json\/wp\/v2\/types\/post"}],"author":[{"embeddable":true,"href":"https:\/\/sonora.ms.gov.br\/v2\/wp-json\/wp\/v2\/users\/4"}],"replies":[{"embeddable":true,"href":"https:\/\/sonora.ms.gov.br\/v2\/wp-json\/wp\/v2\/comments?post=1260"}],"version-history":[{"count":2,"href":"https:\/\/sonora.ms.gov.br\/v2\/wp-json\/wp\/v2\/posts\/1260\/revisions"}],"predecessor-version":[{"id":1268,"href":"https:\/\/sonora.ms.gov.br\/v2\/wp-json\/wp\/v2\/posts\/1260\/revisions\/1268"}],"wp:featuredmedia":[{"embeddable":true,"href":"https:\/\/sonora.ms.gov.br\/v2\/wp-json\/wp\/v2\/media\/1262"}],"wp:attachment":[{"href":"https:\/\/sonora.ms.gov.br\/v2\/wp-json\/wp\/v2\/media?parent=1260"}],"wp:term":[{"taxonomy":"category","embeddable":true,"href":"https:\/\/sonora.ms.gov.br\/v2\/wp-json\/wp\/v2\/categories?post=1260"},{"taxonomy":"post_tag","embeddable":true,"href":"https:\/\/sonora.ms.gov.br\/v2\/wp-json\/wp\/v2\/tags?post=1260"}],"curies":[{"name":"wp","href":"https:\/\/api.w.org\/{rel}","templated":true}]}}