{"id":2770,"date":"2019-11-20T16:51:18","date_gmt":"2019-11-20T20:51:18","guid":{"rendered":"https:\/\/sonora.ms.gov.br\/v2\/?p=2770"},"modified":"2024-10-07T10:42:45","modified_gmt":"2024-10-07T14:42:45","slug":"populacao-do-assentamento-ja-estao-utilizando-a-ponte-e-concreto-sobre-o-corrego-grotao","status":"publish","type":"post","link":"https:\/\/sonora.ms.gov.br\/v2\/populacao-do-assentamento-ja-estao-utilizando-a-ponte-e-concreto-sobre-o-corrego-grotao\/","title":{"rendered":"Popula\u00e7\u00e3o do assentamento j\u00e1 est\u00e3o utilizando a ponte e concreto sobre o c\u00f3rrego Grot\u00e3o"},"content":{"rendered":"<h2 style=\"text-align: center;\"><span style=\"color: #808080;\"><strong>As aduelas de concreto trazem maior seguran\u00e7a e conforto para quem pela ponte<\/strong><\/span><\/h2>\n<p>Nesta segunda-feira (18) a equipe da assessoria de comunica\u00e7\u00e3o da prefeitura estiveram no corredor principal do assentamento Carlos Roberto Soares de Melo, e pode verificar que a obra da ponte sobre o C\u00f3rrego Grot\u00e3o est\u00e1 na fase final, os moradores e as pessoas que utilizam aquela estrada que liga o assentamento \u00e0 BR 163, j\u00e1 podem transitar tranquilamente. A aduelas j\u00e1 foram instaladas e a passagem sobre o C\u00f3rrego Grot\u00e3o j\u00e1 est\u00e1 liberada com seguran\u00e7a.<br \/>\n<a href=\"https:\/\/sonora.ms.gov.br\/v2\/wp-content\/uploads\/2019\/11\/WhatsApp-Image-2019-11-18-at-16.13.08-1.jpeg\"><img loading=\"lazy\" decoding=\"async\" class=\"wp-image-2808 size-medium alignleft\" src=\"https:\/\/sonora.ms.gov.br\/v2\/wp-content\/uploads\/2019\/11\/WhatsApp-Image-2019-11-18-at-16.13.08-1-300x225.jpeg\" alt=\"\" width=\"300\" height=\"225\" srcset=\"https:\/\/sonora.ms.gov.br\/v2\/wp-content\/uploads\/2019\/11\/WhatsApp-Image-2019-11-18-at-16.13.08-1-300x225.jpeg 300w, https:\/\/sonora.ms.gov.br\/v2\/wp-content\/uploads\/2019\/11\/WhatsApp-Image-2019-11-18-at-16.13.08-1-1024x768.jpeg 1024w, https:\/\/sonora.ms.gov.br\/v2\/wp-content\/uploads\/2019\/11\/WhatsApp-Image-2019-11-18-at-16.13.08-1-768x576.jpeg 768w, https:\/\/sonora.ms.gov.br\/v2\/wp-content\/uploads\/2019\/11\/WhatsApp-Image-2019-11-18-at-16.13.08-1-265x198.jpeg 265w, https:\/\/sonora.ms.gov.br\/v2\/wp-content\/uploads\/2019\/11\/WhatsApp-Image-2019-11-18-at-16.13.08-1-530x396.jpeg 530w, https:\/\/sonora.ms.gov.br\/v2\/wp-content\/uploads\/2019\/11\/WhatsApp-Image-2019-11-18-at-16.13.08-1.jpeg 1280w\" sizes=\"auto, (max-width: 300px) 100vw, 300px\" \/><\/a>A obra consiste na substitui\u00e7\u00e3o da ponte de madeira que h\u00e1 tempos vinha apresentando problemas e risco para as pessoas que por ela passavam, por aduelas de concreto. Segundo o gerente de obra Antonio Jo\u00e3o, as pontes de madeira necessitam de reparos a cada dois a tr\u00eas anos, j\u00e1 as de aduelas de concreto podem durar mais de 30 anos sem avarias comprometedora, isso traz economia para a prefeitura e conforto para os moradores e para as pessoas que utilizam aquela via, por ser o corredor principal do assentamento e provavelmente n\u00e3o haver\u00e1 interdi\u00e7\u00e3o t\u00e3o cedo para reparos das aduelas.<br \/>\nA popula\u00e7\u00e3o do assentamento Carlos Roberto Soares de Melo est\u00e1 muito satisfeita por j\u00e1 poder contar com a nova ponte constru\u00edda sobre o C\u00f3rrego Grot\u00e3o, a diretora da escola municipal Irma Araldi Kohl Polo e Extens\u00e3o Santo Antonio, Eli Machado Milani, agradeceu a prefeitura na pessoa do prefeito e do gerente de obras e toda equipe, ela disse eque estava estava muito preocupada com o transporte dos alunos e recebia muitas cr\u00edticas, mas agora a obra est\u00e1 em fase final e j\u00e1 conta com a tranquilidade e seguran\u00e7a no transporte dos alunos que necessitam passar sobre aquele c\u00f3rrego para vir \u00e0 escola e retornar aos seus lares\u201d.<br \/>\n<a href=\"https:\/\/sonora.ms.gov.br\/v2\/wp-content\/uploads\/2019\/11\/WhatsApp-Image-2019-11-18-at-16.15.24.jpeg\"><img loading=\"lazy\" decoding=\"async\" class=\"alignleft wp-image-2812 size-medium\" src=\"https:\/\/sonora.ms.gov.br\/v2\/wp-content\/uploads\/2019\/11\/WhatsApp-Image-2019-11-18-at-16.15.24-300x225.jpeg\" alt=\"\" width=\"300\" height=\"225\" srcset=\"https:\/\/sonora.ms.gov.br\/v2\/wp-content\/uploads\/2019\/11\/WhatsApp-Image-2019-11-18-at-16.15.24-300x225.jpeg 300w, https:\/\/sonora.ms.gov.br\/v2\/wp-content\/uploads\/2019\/11\/WhatsApp-Image-2019-11-18-at-16.15.24-1024x768.jpeg 1024w, https:\/\/sonora.ms.gov.br\/v2\/wp-content\/uploads\/2019\/11\/WhatsApp-Image-2019-11-18-at-16.15.24-768x576.jpeg 768w, https:\/\/sonora.ms.gov.br\/v2\/wp-content\/uploads\/2019\/11\/WhatsApp-Image-2019-11-18-at-16.15.24-265x198.jpeg 265w, https:\/\/sonora.ms.gov.br\/v2\/wp-content\/uploads\/2019\/11\/WhatsApp-Image-2019-11-18-at-16.15.24-530x396.jpeg 530w, https:\/\/sonora.ms.gov.br\/v2\/wp-content\/uploads\/2019\/11\/WhatsApp-Image-2019-11-18-at-16.15.24.jpeg 1280w\" sizes=\"auto, (max-width: 300px) 100vw, 300px\" \/><\/a>O prefeito Enelto Ramos, disse que a algum tempo vem buscando parcerias para realizar essa obra, por\u00e9m a burocracia estava atrapalhando, ent\u00e3o resolveu junto a ger\u00eancia de administra\u00e7\u00e3o e finan\u00e7as e a ger\u00eancia de Obras a viabilidade de realizar a obra com recursos pr\u00f3prios, coisa que foi feito e a ponte logo estar\u00e1 oficialmente entregue \u00e0 popula\u00e7\u00e3o do assentamento Carlos Roberto Soares de Melo. \u201cA popula\u00e7\u00e3o rural necessita de aten\u00e7\u00e3o especial, por se tratar de pessoas que est\u00e3o distantes do conforto da cidade, a prefeitura est\u00e1 trabalhado bastante, foram entregues equipamentos, as estradas recebem manuten\u00e7\u00e3o periodicamente, foi implantado rede de abastecimento de \u00e1gua com po\u00e7o artesiano para atender fam\u00edlias com maior car\u00eancia, os dias de atendimentos m\u00e9dico aumentaram, e tamb\u00e9m os atendimentos de dentista e fisioterapeuta, entre muitos outros servi\u00e7os que prestamos \u00e0 popula\u00e7\u00e3o rural\u201d. Finalizou o prefeito Enelto.<\/p>\n","protected":false},"excerpt":{"rendered":"<p>As aduelas de concreto trazem maior seguran\u00e7a e conforto para quem pela ponte Nesta segunda-feira (18) a equipe da assessoria de comunica\u00e7\u00e3o da prefeitura estiveram no corredor principal do assentamento Carlos Roberto Soares de Melo, e pode verificar que a obra da ponte sobre o C\u00f3rrego Grot\u00e3o est\u00e1 na fase final, os moradores e as [&hellip;]<\/p>\n","protected":false},"author":4,"featured_media":2774,"comment_status":"closed","ping_status":"closed","sticky":false,"template":"","format":"standard","meta":{"footnotes":""},"categories":[3,5,1],"tags":[],"class_list":["post-2770","post","type-post","status-publish","format-standard","has-post-thumbnail","hentry","category-destaque","category-obras","category-sem-categoria"],"yoast_head":"<!-- This site is optimized with the Yoast SEO plugin v27.4 - https:\/\/yoast.com\/product\/yoast-seo-wordpress\/ -->\n<title>Popula\u00e7\u00e3o do assentamento j\u00e1 est\u00e3o utilizando a ponte e concreto sobre o c\u00f3rrego Grot\u00e3o - Prefeitura Municipal de Sonora<\/title>\n<meta name=\"robots\" content=\"index, follow, max-snippet:-1, max-image-preview:large, max-video-preview:-1\" \/>\n<link rel=\"canonical\" href=\"https:\/\/sonora.ms.gov.br\/v2\/populacao-do-assentamento-ja-estao-utilizando-a-ponte-e-concreto-sobre-o-corrego-grotao\/\" \/>\n<meta property=\"og:locale\" content=\"pt_BR\" \/>\n<meta property=\"og:type\" content=\"article\" \/>\n<meta property=\"og:title\" content=\"Popula\u00e7\u00e3o do assentamento j\u00e1 est\u00e3o utilizando a ponte e concreto sobre o c\u00f3rrego Grot\u00e3o - Prefeitura Municipal de Sonora\" \/>\n<meta property=\"og:description\" content=\"As aduelas de concreto trazem maior seguran\u00e7a e conforto para quem pela ponte Nesta segunda-feira (18) a equipe da assessoria de comunica\u00e7\u00e3o da prefeitura estiveram no corredor principal do assentamento Carlos Roberto Soares de Melo, e pode verificar que a obra da ponte sobre o C\u00f3rrego Grot\u00e3o est\u00e1 na fase final, os moradores e as [&hellip;]\" \/>\n<meta property=\"og:url\" content=\"https:\/\/sonora.ms.gov.br\/v2\/populacao-do-assentamento-ja-estao-utilizando-a-ponte-e-concreto-sobre-o-corrego-grotao\/\" \/>\n<meta property=\"og:site_name\" content=\"Prefeitura Municipal de Sonora\" \/>\n<meta property=\"article:publisher\" content=\"https:\/\/www.facebook.com\/Prefeitura-Municipal-de-Sonora-320210145060198\" \/>\n<meta property=\"article:published_time\" content=\"2019-11-20T20:51:18+00:00\" \/>\n<meta property=\"article:modified_time\" content=\"2024-10-07T14:42:45+00:00\" \/>\n<meta property=\"og:image\" content=\"https:\/\/sonora.ms.gov.br\/v2\/wp-content\/uploads\/2019\/11\/WhatsApp-Image-2019-11-18-at-16.13.09.jpeg\" \/>\n\t<meta property=\"og:image:width\" content=\"1280\" \/>\n\t<meta property=\"og:image:height\" content=\"960\" \/>\n\t<meta property=\"og:image:type\" content=\"image\/jpeg\" \/>\n<meta name=\"author\" content=\"adeildo\" \/>\n<meta name=\"twitter:card\" content=\"summary_large_image\" \/>\n<meta name=\"twitter:label1\" content=\"Escrito por\" \/>\n\t<meta name=\"twitter:data1\" content=\"adeildo\" \/>\n\t<meta name=\"twitter:label2\" content=\"Est. tempo de leitura\" \/>\n\t<meta name=\"twitter:data2\" content=\"2 minutos\" \/>\n<script type=\"application\/ld+json\" class=\"yoast-schema-graph\">{\"@context\":\"https:\\\/\\\/schema.org\",\"@graph\":[{\"@type\":\"Article\",\"@id\":\"https:\\\/\\\/sonora.ms.gov.br\\\/v2\\\/populacao-do-assentamento-ja-estao-utilizando-a-ponte-e-concreto-sobre-o-corrego-grotao\\\/#article\",\"isPartOf\":{\"@id\":\"https:\\\/\\\/sonora.ms.gov.br\\\/v2\\\/populacao-do-assentamento-ja-estao-utilizando-a-ponte-e-concreto-sobre-o-corrego-grotao\\\/\"},\"author\":{\"name\":\"adeildo\",\"@id\":\"https:\\\/\\\/sonora.ms.gov.br\\\/v2\\\/#\\\/schema\\\/person\\\/51f6e139289b09c05a59bc20aaab8a50\"},\"headline\":\"Popula\u00e7\u00e3o do assentamento j\u00e1 est\u00e3o utilizando a ponte e concreto sobre o c\u00f3rrego Grot\u00e3o\",\"datePublished\":\"2019-11-20T20:51:18+00:00\",\"dateModified\":\"2024-10-07T14:42:45+00:00\",\"mainEntityOfPage\":{\"@id\":\"https:\\\/\\\/sonora.ms.gov.br\\\/v2\\\/populacao-do-assentamento-ja-estao-utilizando-a-ponte-e-concreto-sobre-o-corrego-grotao\\\/\"},\"wordCount\":485,\"image\":{\"@id\":\"https:\\\/\\\/sonora.ms.gov.br\\\/v2\\\/populacao-do-assentamento-ja-estao-utilizando-a-ponte-e-concreto-sobre-o-corrego-grotao\\\/#primaryimage\"},\"thumbnailUrl\":\"https:\\\/\\\/sonora.ms.gov.br\\\/v2\\\/wp-content\\\/uploads\\\/2019\\\/11\\\/WhatsApp-Image-2019-11-18-at-16.13.09.jpeg\",\"articleSection\":[\"Destaque\",\"Obras e Servi\u00e7os Urbanos\"],\"inLanguage\":\"pt-BR\"},{\"@type\":\"WebPage\",\"@id\":\"https:\\\/\\\/sonora.ms.gov.br\\\/v2\\\/populacao-do-assentamento-ja-estao-utilizando-a-ponte-e-concreto-sobre-o-corrego-grotao\\\/\",\"url\":\"https:\\\/\\\/sonora.ms.gov.br\\\/v2\\\/populacao-do-assentamento-ja-estao-utilizando-a-ponte-e-concreto-sobre-o-corrego-grotao\\\/\",\"name\":\"Popula\u00e7\u00e3o do assentamento j\u00e1 est\u00e3o utilizando a ponte e concreto sobre o c\u00f3rrego Grot\u00e3o - Prefeitura Municipal de Sonora\",\"isPartOf\":{\"@id\":\"https:\\\/\\\/sonora.ms.gov.br\\\/v2\\\/#website\"},\"primaryImageOfPage\":{\"@id\":\"https:\\\/\\\/sonora.ms.gov.br\\\/v2\\\/populacao-do-assentamento-ja-estao-utilizando-a-ponte-e-concreto-sobre-o-corrego-grotao\\\/#primaryimage\"},\"image\":{\"@id\":\"https:\\\/\\\/sonora.ms.gov.br\\\/v2\\\/populacao-do-assentamento-ja-estao-utilizando-a-ponte-e-concreto-sobre-o-corrego-grotao\\\/#primaryimage\"},\"thumbnailUrl\":\"https:\\\/\\\/sonora.ms.gov.br\\\/v2\\\/wp-content\\\/uploads\\\/2019\\\/11\\\/WhatsApp-Image-2019-11-18-at-16.13.09.jpeg\",\"datePublished\":\"2019-11-20T20:51:18+00:00\",\"dateModified\":\"2024-10-07T14:42:45+00:00\",\"author\":{\"@id\":\"https:\\\/\\\/sonora.ms.gov.br\\\/v2\\\/#\\\/schema\\\/person\\\/51f6e139289b09c05a59bc20aaab8a50\"},\"breadcrumb\":{\"@id\":\"https:\\\/\\\/sonora.ms.gov.br\\\/v2\\\/populacao-do-assentamento-ja-estao-utilizando-a-ponte-e-concreto-sobre-o-corrego-grotao\\\/#breadcrumb\"},\"inLanguage\":\"pt-BR\",\"potentialAction\":[{\"@type\":\"ReadAction\",\"target\":[\"https:\\\/\\\/sonora.ms.gov.br\\\/v2\\\/populacao-do-assentamento-ja-estao-utilizando-a-ponte-e-concreto-sobre-o-corrego-grotao\\\/\"]}]},{\"@type\":\"ImageObject\",\"inLanguage\":\"pt-BR\",\"@id\":\"https:\\\/\\\/sonora.ms.gov.br\\\/v2\\\/populacao-do-assentamento-ja-estao-utilizando-a-ponte-e-concreto-sobre-o-corrego-grotao\\\/#primaryimage\",\"url\":\"https:\\\/\\\/sonora.ms.gov.br\\\/v2\\\/wp-content\\\/uploads\\\/2019\\\/11\\\/WhatsApp-Image-2019-11-18-at-16.13.09.jpeg\",\"contentUrl\":\"https:\\\/\\\/sonora.ms.gov.br\\\/v2\\\/wp-content\\\/uploads\\\/2019\\\/11\\\/WhatsApp-Image-2019-11-18-at-16.13.09.jpeg\",\"width\":1280,\"height\":960},{\"@type\":\"BreadcrumbList\",\"@id\":\"https:\\\/\\\/sonora.ms.gov.br\\\/v2\\\/populacao-do-assentamento-ja-estao-utilizando-a-ponte-e-concreto-sobre-o-corrego-grotao\\\/#breadcrumb\",\"itemListElement\":[{\"@type\":\"ListItem\",\"position\":1,\"name\":\"In\u00edcio\",\"item\":\"https:\\\/\\\/sonora.ms.gov.br\\\/v2\\\/\"},{\"@type\":\"ListItem\",\"position\":2,\"name\":\"Popula\u00e7\u00e3o do assentamento j\u00e1 est\u00e3o utilizando a ponte e concreto sobre o c\u00f3rrego Grot\u00e3o\"}]},{\"@type\":\"WebSite\",\"@id\":\"https:\\\/\\\/sonora.ms.gov.br\\\/v2\\\/#website\",\"url\":\"https:\\\/\\\/sonora.ms.gov.br\\\/v2\\\/\",\"name\":\"Prefeitura Municipal de Sonora\",\"description\":\"Poder Executivo\",\"potentialAction\":[{\"@type\":\"SearchAction\",\"target\":{\"@type\":\"EntryPoint\",\"urlTemplate\":\"https:\\\/\\\/sonora.ms.gov.br\\\/v2\\\/?s={search_term_string}\"},\"query-input\":{\"@type\":\"PropertyValueSpecification\",\"valueRequired\":true,\"valueName\":\"search_term_string\"}}],\"inLanguage\":\"pt-BR\"},{\"@type\":\"Person\",\"@id\":\"https:\\\/\\\/sonora.ms.gov.br\\\/v2\\\/#\\\/schema\\\/person\\\/51f6e139289b09c05a59bc20aaab8a50\",\"name\":\"adeildo\",\"image\":{\"@type\":\"ImageObject\",\"inLanguage\":\"pt-BR\",\"@id\":\"https:\\\/\\\/secure.gravatar.com\\\/avatar\\\/e5765d730d44ab1af4a323cac96b3222e77c35c973674361c1bc200f3915939f?s=96&d=mm&r=g\",\"url\":\"https:\\\/\\\/secure.gravatar.com\\\/avatar\\\/e5765d730d44ab1af4a323cac96b3222e77c35c973674361c1bc200f3915939f?s=96&d=mm&r=g\",\"contentUrl\":\"https:\\\/\\\/secure.gravatar.com\\\/avatar\\\/e5765d730d44ab1af4a323cac96b3222e77c35c973674361c1bc200f3915939f?s=96&d=mm&r=g\",\"caption\":\"adeildo\"},\"url\":\"https:\\\/\\\/sonora.ms.gov.br\\\/v2\\\/author\\\/adeildo\\\/\"}]}<\/script>\n<!-- \/ Yoast SEO plugin. -->","yoast_head_json":{"title":"Popula\u00e7\u00e3o do assentamento j\u00e1 est\u00e3o utilizando a ponte e concreto sobre o c\u00f3rrego Grot\u00e3o - Prefeitura Municipal de Sonora","robots":{"index":"index","follow":"follow","max-snippet":"max-snippet:-1","max-image-preview":"max-image-preview:large","max-video-preview":"max-video-preview:-1"},"canonical":"https:\/\/sonora.ms.gov.br\/v2\/populacao-do-assentamento-ja-estao-utilizando-a-ponte-e-concreto-sobre-o-corrego-grotao\/","og_locale":"pt_BR","og_type":"article","og_title":"Popula\u00e7\u00e3o do assentamento j\u00e1 est\u00e3o utilizando a ponte e concreto sobre o c\u00f3rrego Grot\u00e3o - Prefeitura Municipal de Sonora","og_description":"As aduelas de concreto trazem maior seguran\u00e7a e conforto para quem pela ponte Nesta segunda-feira (18) a equipe da assessoria de comunica\u00e7\u00e3o da prefeitura estiveram no corredor principal do assentamento Carlos Roberto Soares de Melo, e pode verificar que a obra da ponte sobre o C\u00f3rrego Grot\u00e3o est\u00e1 na fase final, os moradores e as [&hellip;]","og_url":"https:\/\/sonora.ms.gov.br\/v2\/populacao-do-assentamento-ja-estao-utilizando-a-ponte-e-concreto-sobre-o-corrego-grotao\/","og_site_name":"Prefeitura Municipal de Sonora","article_publisher":"https:\/\/www.facebook.com\/Prefeitura-Municipal-de-Sonora-320210145060198","article_published_time":"2019-11-20T20:51:18+00:00","article_modified_time":"2024-10-07T14:42:45+00:00","og_image":[{"width":1280,"height":960,"url":"https:\/\/sonora.ms.gov.br\/v2\/wp-content\/uploads\/2019\/11\/WhatsApp-Image-2019-11-18-at-16.13.09.jpeg","type":"image\/jpeg"}],"author":"adeildo","twitter_card":"summary_large_image","twitter_misc":{"Escrito por":"adeildo","Est. tempo de leitura":"2 minutos"},"schema":{"@context":"https:\/\/schema.org","@graph":[{"@type":"Article","@id":"https:\/\/sonora.ms.gov.br\/v2\/populacao-do-assentamento-ja-estao-utilizando-a-ponte-e-concreto-sobre-o-corrego-grotao\/#article","isPartOf":{"@id":"https:\/\/sonora.ms.gov.br\/v2\/populacao-do-assentamento-ja-estao-utilizando-a-ponte-e-concreto-sobre-o-corrego-grotao\/"},"author":{"name":"adeildo","@id":"https:\/\/sonora.ms.gov.br\/v2\/#\/schema\/person\/51f6e139289b09c05a59bc20aaab8a50"},"headline":"Popula\u00e7\u00e3o do assentamento j\u00e1 est\u00e3o utilizando a ponte e concreto sobre o c\u00f3rrego Grot\u00e3o","datePublished":"2019-11-20T20:51:18+00:00","dateModified":"2024-10-07T14:42:45+00:00","mainEntityOfPage":{"@id":"https:\/\/sonora.ms.gov.br\/v2\/populacao-do-assentamento-ja-estao-utilizando-a-ponte-e-concreto-sobre-o-corrego-grotao\/"},"wordCount":485,"image":{"@id":"https:\/\/sonora.ms.gov.br\/v2\/populacao-do-assentamento-ja-estao-utilizando-a-ponte-e-concreto-sobre-o-corrego-grotao\/#primaryimage"},"thumbnailUrl":"https:\/\/sonora.ms.gov.br\/v2\/wp-content\/uploads\/2019\/11\/WhatsApp-Image-2019-11-18-at-16.13.09.jpeg","articleSection":["Destaque","Obras e Servi\u00e7os Urbanos"],"inLanguage":"pt-BR"},{"@type":"WebPage","@id":"https:\/\/sonora.ms.gov.br\/v2\/populacao-do-assentamento-ja-estao-utilizando-a-ponte-e-concreto-sobre-o-corrego-grotao\/","url":"https:\/\/sonora.ms.gov.br\/v2\/populacao-do-assentamento-ja-estao-utilizando-a-ponte-e-concreto-sobre-o-corrego-grotao\/","name":"Popula\u00e7\u00e3o do assentamento j\u00e1 est\u00e3o utilizando a ponte e concreto sobre o c\u00f3rrego Grot\u00e3o - Prefeitura Municipal de Sonora","isPartOf":{"@id":"https:\/\/sonora.ms.gov.br\/v2\/#website"},"primaryImageOfPage":{"@id":"https:\/\/sonora.ms.gov.br\/v2\/populacao-do-assentamento-ja-estao-utilizando-a-ponte-e-concreto-sobre-o-corrego-grotao\/#primaryimage"},"image":{"@id":"https:\/\/sonora.ms.gov.br\/v2\/populacao-do-assentamento-ja-estao-utilizando-a-ponte-e-concreto-sobre-o-corrego-grotao\/#primaryimage"},"thumbnailUrl":"https:\/\/sonora.ms.gov.br\/v2\/wp-content\/uploads\/2019\/11\/WhatsApp-Image-2019-11-18-at-16.13.09.jpeg","datePublished":"2019-11-20T20:51:18+00:00","dateModified":"2024-10-07T14:42:45+00:00","author":{"@id":"https:\/\/sonora.ms.gov.br\/v2\/#\/schema\/person\/51f6e139289b09c05a59bc20aaab8a50"},"breadcrumb":{"@id":"https:\/\/sonora.ms.gov.br\/v2\/populacao-do-assentamento-ja-estao-utilizando-a-ponte-e-concreto-sobre-o-corrego-grotao\/#breadcrumb"},"inLanguage":"pt-BR","potentialAction":[{"@type":"ReadAction","target":["https:\/\/sonora.ms.gov.br\/v2\/populacao-do-assentamento-ja-estao-utilizando-a-ponte-e-concreto-sobre-o-corrego-grotao\/"]}]},{"@type":"ImageObject","inLanguage":"pt-BR","@id":"https:\/\/sonora.ms.gov.br\/v2\/populacao-do-assentamento-ja-estao-utilizando-a-ponte-e-concreto-sobre-o-corrego-grotao\/#primaryimage","url":"https:\/\/sonora.ms.gov.br\/v2\/wp-content\/uploads\/2019\/11\/WhatsApp-Image-2019-11-18-at-16.13.09.jpeg","contentUrl":"https:\/\/sonora.ms.gov.br\/v2\/wp-content\/uploads\/2019\/11\/WhatsApp-Image-2019-11-18-at-16.13.09.jpeg","width":1280,"height":960},{"@type":"BreadcrumbList","@id":"https:\/\/sonora.ms.gov.br\/v2\/populacao-do-assentamento-ja-estao-utilizando-a-ponte-e-concreto-sobre-o-corrego-grotao\/#breadcrumb","itemListElement":[{"@type":"ListItem","position":1,"name":"In\u00edcio","item":"https:\/\/sonora.ms.gov.br\/v2\/"},{"@type":"ListItem","position":2,"name":"Popula\u00e7\u00e3o do assentamento j\u00e1 est\u00e3o utilizando a ponte e concreto sobre o c\u00f3rrego Grot\u00e3o"}]},{"@type":"WebSite","@id":"https:\/\/sonora.ms.gov.br\/v2\/#website","url":"https:\/\/sonora.ms.gov.br\/v2\/","name":"Prefeitura Municipal de Sonora","description":"Poder Executivo","potentialAction":[{"@type":"SearchAction","target":{"@type":"EntryPoint","urlTemplate":"https:\/\/sonora.ms.gov.br\/v2\/?s={search_term_string}"},"query-input":{"@type":"PropertyValueSpecification","valueRequired":true,"valueName":"search_term_string"}}],"inLanguage":"pt-BR"},{"@type":"Person","@id":"https:\/\/sonora.ms.gov.br\/v2\/#\/schema\/person\/51f6e139289b09c05a59bc20aaab8a50","name":"adeildo","image":{"@type":"ImageObject","inLanguage":"pt-BR","@id":"https:\/\/secure.gravatar.com\/avatar\/e5765d730d44ab1af4a323cac96b3222e77c35c973674361c1bc200f3915939f?s=96&d=mm&r=g","url":"https:\/\/secure.gravatar.com\/avatar\/e5765d730d44ab1af4a323cac96b3222e77c35c973674361c1bc200f3915939f?s=96&d=mm&r=g","contentUrl":"https:\/\/secure.gravatar.com\/avatar\/e5765d730d44ab1af4a323cac96b3222e77c35c973674361c1bc200f3915939f?s=96&d=mm&r=g","caption":"adeildo"},"url":"https:\/\/sonora.ms.gov.br\/v2\/author\/adeildo\/"}]}},"_links":{"self":[{"href":"https:\/\/sonora.ms.gov.br\/v2\/wp-json\/wp\/v2\/posts\/2770","targetHints":{"allow":["GET"]}}],"collection":[{"href":"https:\/\/sonora.ms.gov.br\/v2\/wp-json\/wp\/v2\/posts"}],"about":[{"href":"https:\/\/sonora.ms.gov.br\/v2\/wp-json\/wp\/v2\/types\/post"}],"author":[{"embeddable":true,"href":"https:\/\/sonora.ms.gov.br\/v2\/wp-json\/wp\/v2\/users\/4"}],"replies":[{"embeddable":true,"href":"https:\/\/sonora.ms.gov.br\/v2\/wp-json\/wp\/v2\/comments?post=2770"}],"version-history":[{"count":3,"href":"https:\/\/sonora.ms.gov.br\/v2\/wp-json\/wp\/v2\/posts\/2770\/revisions"}],"predecessor-version":[{"id":3825,"href":"https:\/\/sonora.ms.gov.br\/v2\/wp-json\/wp\/v2\/posts\/2770\/revisions\/3825"}],"wp:featuredmedia":[{"embeddable":true,"href":"https:\/\/sonora.ms.gov.br\/v2\/wp-json\/wp\/v2\/media\/2774"}],"wp:attachment":[{"href":"https:\/\/sonora.ms.gov.br\/v2\/wp-json\/wp\/v2\/media?parent=2770"}],"wp:term":[{"taxonomy":"category","embeddable":true,"href":"https:\/\/sonora.ms.gov.br\/v2\/wp-json\/wp\/v2\/categories?post=2770"},{"taxonomy":"post_tag","embeddable":true,"href":"https:\/\/sonora.ms.gov.br\/v2\/wp-json\/wp\/v2\/tags?post=2770"}],"curies":[{"name":"wp","href":"https:\/\/api.w.org\/{rel}","templated":true}]}}