{"id":2994,"date":"2020-01-23T11:53:28","date_gmt":"2020-01-23T15:53:28","guid":{"rendered":"https:\/\/sonora.ms.gov.br\/v2\/?p=2994"},"modified":"2020-08-13T14:10:04","modified_gmt":"2020-08-13T18:10:04","slug":"decretos-de-15-a-22-de-janeiro-2020-nomeacoes-dos-aprovados-no-concurso-de-provas-e-titulos-para-provimento-de-cargos-publicos-na-estrutura-funcional-do-poder-executivo-para-ocupar-sob-o-regime-esta","status":"publish","type":"post","link":"https:\/\/sonora.ms.gov.br\/v2\/decretos-de-15-a-22-de-janeiro-2020-nomeacoes-dos-aprovados-no-concurso-de-provas-e-titulos-para-provimento-de-cargos-publicos-na-estrutura-funcional-do-poder-executivo-para-ocupar-sob-o-regime-esta\/","title":{"rendered":"Decretos de 15 a 22 de janeiro 2020, nomea\u00e7\u00f5es dos aprovados no Concurso de Provas e T\u00edtulos para provimento de Cargos P\u00fablicos na Estrutura Funcional do Poder Executivo, para ocupar sob o regime estatut\u00e1rio."},"content":{"rendered":"<p><a href=\"https:\/\/sonora.ms.gov.br\/v2\/wp-content\/uploads\/2020\/01\/DECRETOS-NOMEA\u00c7\u00d5ES-CONCURSO-2019-Provas-e-T\u00edtulos-para-provimento-de-Cargos-P\u00fablicos-na-Estrutura-Funcional-do-Poder-Executivo.pdf\">DECRETOS NOMEA\u00c7\u00d5ES CONCURSO 2019 &#8211; Provas e T\u00edtulos para provimento de Cargos P\u00fablicos na Estrutura Funcional do Poder Executivo<\/a><\/p>\n","protected":false},"excerpt":{"rendered":"<p>DECRETOS NOMEA\u00c7\u00d5ES CONCURSO 2019 &#8211; Provas e T\u00edtulos para provimento de Cargos P\u00fablicos na Estrutura Funcional do Poder Executivo<\/p>\n","protected":false},"author":4,"featured_media":2945,"comment_status":"closed","ping_status":"closed","sticky":false,"template":"","format":"standard","meta":{"footnotes":""},"categories":[48],"tags":[],"class_list":["post-2994","post","type-post","status-publish","format-standard","has-post-thumbnail","hentry","category-concursos-e-processos-seletivo"],"yoast_head":"<!-- This site is optimized with the Yoast SEO plugin v27.4 - https:\/\/yoast.com\/product\/yoast-seo-wordpress\/ -->\n<title>Decretos de 15 a 22 de janeiro 2020, nomea\u00e7\u00f5es dos aprovados no Concurso de Provas e T\u00edtulos para provimento de Cargos P\u00fablicos na Estrutura Funcional do Poder Executivo, para ocupar sob o regime estatut\u00e1rio. - Prefeitura Municipal de Sonora<\/title>\n<meta name=\"robots\" content=\"index, follow, max-snippet:-1, max-image-preview:large, max-video-preview:-1\" \/>\n<link rel=\"canonical\" href=\"https:\/\/sonora.ms.gov.br\/v2\/decretos-de-15-a-22-de-janeiro-2020-nomeacoes-dos-aprovados-no-concurso-de-provas-e-titulos-para-provimento-de-cargos-publicos-na-estrutura-funcional-do-poder-executivo-para-ocupar-sob-o-regime-esta\/\" \/>\n<meta property=\"og:locale\" content=\"pt_BR\" \/>\n<meta property=\"og:type\" content=\"article\" \/>\n<meta property=\"og:title\" content=\"Decretos de 15 a 22 de janeiro 2020, nomea\u00e7\u00f5es dos aprovados no Concurso de Provas e T\u00edtulos para provimento de Cargos P\u00fablicos na Estrutura Funcional do Poder Executivo, para ocupar sob o regime estatut\u00e1rio. - Prefeitura Municipal de Sonora\" \/>\n<meta property=\"og:description\" content=\"DECRETOS NOMEA\u00c7\u00d5ES CONCURSO 2019 &#8211; Provas e T\u00edtulos para provimento de Cargos P\u00fablicos na Estrutura Funcional do Poder Executivo\" \/>\n<meta property=\"og:url\" content=\"https:\/\/sonora.ms.gov.br\/v2\/decretos-de-15-a-22-de-janeiro-2020-nomeacoes-dos-aprovados-no-concurso-de-provas-e-titulos-para-provimento-de-cargos-publicos-na-estrutura-funcional-do-poder-executivo-para-ocupar-sob-o-regime-esta\/\" \/>\n<meta property=\"og:site_name\" content=\"Prefeitura Municipal de Sonora\" \/>\n<meta property=\"article:publisher\" content=\"https:\/\/www.facebook.com\/Prefeitura-Municipal-de-Sonora-320210145060198\" \/>\n<meta property=\"article:published_time\" content=\"2020-01-23T15:53:28+00:00\" \/>\n<meta property=\"article:modified_time\" content=\"2020-08-13T18:10:04+00:00\" \/>\n<meta property=\"og:image\" content=\"https:\/\/sonora.ms.gov.br\/v2\/wp-content\/uploads\/2020\/01\/CONCURSO-VINHETA.jpg\" \/>\n\t<meta property=\"og:image:width\" content=\"1410\" \/>\n\t<meta property=\"og:image:height\" content=\"1558\" \/>\n\t<meta property=\"og:image:type\" content=\"image\/jpeg\" \/>\n<meta name=\"author\" content=\"adeildo\" \/>\n<meta name=\"twitter:card\" content=\"summary_large_image\" \/>\n<meta name=\"twitter:label1\" content=\"Escrito por\" \/>\n\t<meta name=\"twitter:data1\" content=\"adeildo\" \/>\n<script type=\"application\/ld+json\" class=\"yoast-schema-graph\">{\"@context\":\"https:\\\/\\\/schema.org\",\"@graph\":[{\"@type\":\"Article\",\"@id\":\"https:\\\/\\\/sonora.ms.gov.br\\\/v2\\\/decretos-de-15-a-22-de-janeiro-2020-nomeacoes-dos-aprovados-no-concurso-de-provas-e-titulos-para-provimento-de-cargos-publicos-na-estrutura-funcional-do-poder-executivo-para-ocupar-sob-o-regime-esta\\\/#article\",\"isPartOf\":{\"@id\":\"https:\\\/\\\/sonora.ms.gov.br\\\/v2\\\/decretos-de-15-a-22-de-janeiro-2020-nomeacoes-dos-aprovados-no-concurso-de-provas-e-titulos-para-provimento-de-cargos-publicos-na-estrutura-funcional-do-poder-executivo-para-ocupar-sob-o-regime-esta\\\/\"},\"author\":{\"name\":\"adeildo\",\"@id\":\"https:\\\/\\\/sonora.ms.gov.br\\\/v2\\\/#\\\/schema\\\/person\\\/51f6e139289b09c05a59bc20aaab8a50\"},\"headline\":\"Decretos de 15 a 22 de janeiro 2020, nomea\u00e7\u00f5es dos aprovados no Concurso de Provas e T\u00edtulos para provimento de Cargos P\u00fablicos na Estrutura Funcional do Poder Executivo, para ocupar sob o regime estatut\u00e1rio.\",\"datePublished\":\"2020-01-23T15:53:28+00:00\",\"dateModified\":\"2020-08-13T18:10:04+00:00\",\"mainEntityOfPage\":{\"@id\":\"https:\\\/\\\/sonora.ms.gov.br\\\/v2\\\/decretos-de-15-a-22-de-janeiro-2020-nomeacoes-dos-aprovados-no-concurso-de-provas-e-titulos-para-provimento-de-cargos-publicos-na-estrutura-funcional-do-poder-executivo-para-ocupar-sob-o-regime-esta\\\/\"},\"wordCount\":56,\"image\":{\"@id\":\"https:\\\/\\\/sonora.ms.gov.br\\\/v2\\\/decretos-de-15-a-22-de-janeiro-2020-nomeacoes-dos-aprovados-no-concurso-de-provas-e-titulos-para-provimento-de-cargos-publicos-na-estrutura-funcional-do-poder-executivo-para-ocupar-sob-o-regime-esta\\\/#primaryimage\"},\"thumbnailUrl\":\"https:\\\/\\\/sonora.ms.gov.br\\\/v2\\\/wp-content\\\/uploads\\\/2020\\\/01\\\/CONCURSO-VINHETA.jpg\",\"articleSection\":[\"Concursos e Processos Seletivo\"],\"inLanguage\":\"pt-BR\"},{\"@type\":\"WebPage\",\"@id\":\"https:\\\/\\\/sonora.ms.gov.br\\\/v2\\\/decretos-de-15-a-22-de-janeiro-2020-nomeacoes-dos-aprovados-no-concurso-de-provas-e-titulos-para-provimento-de-cargos-publicos-na-estrutura-funcional-do-poder-executivo-para-ocupar-sob-o-regime-esta\\\/\",\"url\":\"https:\\\/\\\/sonora.ms.gov.br\\\/v2\\\/decretos-de-15-a-22-de-janeiro-2020-nomeacoes-dos-aprovados-no-concurso-de-provas-e-titulos-para-provimento-de-cargos-publicos-na-estrutura-funcional-do-poder-executivo-para-ocupar-sob-o-regime-esta\\\/\",\"name\":\"Decretos de 15 a 22 de janeiro 2020, nomea\u00e7\u00f5es dos aprovados no Concurso de Provas e T\u00edtulos para provimento de Cargos P\u00fablicos na Estrutura Funcional do Poder Executivo, para ocupar sob o regime estatut\u00e1rio. - Prefeitura Municipal de Sonora\",\"isPartOf\":{\"@id\":\"https:\\\/\\\/sonora.ms.gov.br\\\/v2\\\/#website\"},\"primaryImageOfPage\":{\"@id\":\"https:\\\/\\\/sonora.ms.gov.br\\\/v2\\\/decretos-de-15-a-22-de-janeiro-2020-nomeacoes-dos-aprovados-no-concurso-de-provas-e-titulos-para-provimento-de-cargos-publicos-na-estrutura-funcional-do-poder-executivo-para-ocupar-sob-o-regime-esta\\\/#primaryimage\"},\"image\":{\"@id\":\"https:\\\/\\\/sonora.ms.gov.br\\\/v2\\\/decretos-de-15-a-22-de-janeiro-2020-nomeacoes-dos-aprovados-no-concurso-de-provas-e-titulos-para-provimento-de-cargos-publicos-na-estrutura-funcional-do-poder-executivo-para-ocupar-sob-o-regime-esta\\\/#primaryimage\"},\"thumbnailUrl\":\"https:\\\/\\\/sonora.ms.gov.br\\\/v2\\\/wp-content\\\/uploads\\\/2020\\\/01\\\/CONCURSO-VINHETA.jpg\",\"datePublished\":\"2020-01-23T15:53:28+00:00\",\"dateModified\":\"2020-08-13T18:10:04+00:00\",\"author\":{\"@id\":\"https:\\\/\\\/sonora.ms.gov.br\\\/v2\\\/#\\\/schema\\\/person\\\/51f6e139289b09c05a59bc20aaab8a50\"},\"breadcrumb\":{\"@id\":\"https:\\\/\\\/sonora.ms.gov.br\\\/v2\\\/decretos-de-15-a-22-de-janeiro-2020-nomeacoes-dos-aprovados-no-concurso-de-provas-e-titulos-para-provimento-de-cargos-publicos-na-estrutura-funcional-do-poder-executivo-para-ocupar-sob-o-regime-esta\\\/#breadcrumb\"},\"inLanguage\":\"pt-BR\",\"potentialAction\":[{\"@type\":\"ReadAction\",\"target\":[\"https:\\\/\\\/sonora.ms.gov.br\\\/v2\\\/decretos-de-15-a-22-de-janeiro-2020-nomeacoes-dos-aprovados-no-concurso-de-provas-e-titulos-para-provimento-de-cargos-publicos-na-estrutura-funcional-do-poder-executivo-para-ocupar-sob-o-regime-esta\\\/\"]}]},{\"@type\":\"ImageObject\",\"inLanguage\":\"pt-BR\",\"@id\":\"https:\\\/\\\/sonora.ms.gov.br\\\/v2\\\/decretos-de-15-a-22-de-janeiro-2020-nomeacoes-dos-aprovados-no-concurso-de-provas-e-titulos-para-provimento-de-cargos-publicos-na-estrutura-funcional-do-poder-executivo-para-ocupar-sob-o-regime-esta\\\/#primaryimage\",\"url\":\"https:\\\/\\\/sonora.ms.gov.br\\\/v2\\\/wp-content\\\/uploads\\\/2020\\\/01\\\/CONCURSO-VINHETA.jpg\",\"contentUrl\":\"https:\\\/\\\/sonora.ms.gov.br\\\/v2\\\/wp-content\\\/uploads\\\/2020\\\/01\\\/CONCURSO-VINHETA.jpg\",\"width\":1410,\"height\":1558},{\"@type\":\"BreadcrumbList\",\"@id\":\"https:\\\/\\\/sonora.ms.gov.br\\\/v2\\\/decretos-de-15-a-22-de-janeiro-2020-nomeacoes-dos-aprovados-no-concurso-de-provas-e-titulos-para-provimento-de-cargos-publicos-na-estrutura-funcional-do-poder-executivo-para-ocupar-sob-o-regime-esta\\\/#breadcrumb\",\"itemListElement\":[{\"@type\":\"ListItem\",\"position\":1,\"name\":\"In\u00edcio\",\"item\":\"https:\\\/\\\/sonora.ms.gov.br\\\/v2\\\/\"},{\"@type\":\"ListItem\",\"position\":2,\"name\":\"Decretos de 15 a 22 de janeiro 2020, nomea\u00e7\u00f5es dos aprovados no Concurso de Provas e T\u00edtulos para provimento de Cargos P\u00fablicos na Estrutura Funcional do Poder Executivo, para ocupar sob o regime estatut\u00e1rio.\"}]},{\"@type\":\"WebSite\",\"@id\":\"https:\\\/\\\/sonora.ms.gov.br\\\/v2\\\/#website\",\"url\":\"https:\\\/\\\/sonora.ms.gov.br\\\/v2\\\/\",\"name\":\"Prefeitura Municipal de Sonora\",\"description\":\"Poder Executivo\",\"potentialAction\":[{\"@type\":\"SearchAction\",\"target\":{\"@type\":\"EntryPoint\",\"urlTemplate\":\"https:\\\/\\\/sonora.ms.gov.br\\\/v2\\\/?s={search_term_string}\"},\"query-input\":{\"@type\":\"PropertyValueSpecification\",\"valueRequired\":true,\"valueName\":\"search_term_string\"}}],\"inLanguage\":\"pt-BR\"},{\"@type\":\"Person\",\"@id\":\"https:\\\/\\\/sonora.ms.gov.br\\\/v2\\\/#\\\/schema\\\/person\\\/51f6e139289b09c05a59bc20aaab8a50\",\"name\":\"adeildo\",\"image\":{\"@type\":\"ImageObject\",\"inLanguage\":\"pt-BR\",\"@id\":\"https:\\\/\\\/secure.gravatar.com\\\/avatar\\\/e5765d730d44ab1af4a323cac96b3222e77c35c973674361c1bc200f3915939f?s=96&d=mm&r=g\",\"url\":\"https:\\\/\\\/secure.gravatar.com\\\/avatar\\\/e5765d730d44ab1af4a323cac96b3222e77c35c973674361c1bc200f3915939f?s=96&d=mm&r=g\",\"contentUrl\":\"https:\\\/\\\/secure.gravatar.com\\\/avatar\\\/e5765d730d44ab1af4a323cac96b3222e77c35c973674361c1bc200f3915939f?s=96&d=mm&r=g\",\"caption\":\"adeildo\"},\"url\":\"https:\\\/\\\/sonora.ms.gov.br\\\/v2\\\/author\\\/adeildo\\\/\"}]}<\/script>\n<!-- \/ Yoast SEO plugin. -->","yoast_head_json":{"title":"Decretos de 15 a 22 de janeiro 2020, nomea\u00e7\u00f5es dos aprovados no Concurso de Provas e T\u00edtulos para provimento de Cargos P\u00fablicos na Estrutura Funcional do Poder Executivo, para ocupar sob o regime estatut\u00e1rio. - Prefeitura Municipal de Sonora","robots":{"index":"index","follow":"follow","max-snippet":"max-snippet:-1","max-image-preview":"max-image-preview:large","max-video-preview":"max-video-preview:-1"},"canonical":"https:\/\/sonora.ms.gov.br\/v2\/decretos-de-15-a-22-de-janeiro-2020-nomeacoes-dos-aprovados-no-concurso-de-provas-e-titulos-para-provimento-de-cargos-publicos-na-estrutura-funcional-do-poder-executivo-para-ocupar-sob-o-regime-esta\/","og_locale":"pt_BR","og_type":"article","og_title":"Decretos de 15 a 22 de janeiro 2020, nomea\u00e7\u00f5es dos aprovados no Concurso de Provas e T\u00edtulos para provimento de Cargos P\u00fablicos na Estrutura Funcional do Poder Executivo, para ocupar sob o regime estatut\u00e1rio. - Prefeitura Municipal de Sonora","og_description":"DECRETOS NOMEA\u00c7\u00d5ES CONCURSO 2019 &#8211; Provas e T\u00edtulos para provimento de Cargos P\u00fablicos na Estrutura Funcional do Poder Executivo","og_url":"https:\/\/sonora.ms.gov.br\/v2\/decretos-de-15-a-22-de-janeiro-2020-nomeacoes-dos-aprovados-no-concurso-de-provas-e-titulos-para-provimento-de-cargos-publicos-na-estrutura-funcional-do-poder-executivo-para-ocupar-sob-o-regime-esta\/","og_site_name":"Prefeitura Municipal de Sonora","article_publisher":"https:\/\/www.facebook.com\/Prefeitura-Municipal-de-Sonora-320210145060198","article_published_time":"2020-01-23T15:53:28+00:00","article_modified_time":"2020-08-13T18:10:04+00:00","og_image":[{"width":1410,"height":1558,"url":"https:\/\/sonora.ms.gov.br\/v2\/wp-content\/uploads\/2020\/01\/CONCURSO-VINHETA.jpg","type":"image\/jpeg"}],"author":"adeildo","twitter_card":"summary_large_image","twitter_misc":{"Escrito por":"adeildo"},"schema":{"@context":"https:\/\/schema.org","@graph":[{"@type":"Article","@id":"https:\/\/sonora.ms.gov.br\/v2\/decretos-de-15-a-22-de-janeiro-2020-nomeacoes-dos-aprovados-no-concurso-de-provas-e-titulos-para-provimento-de-cargos-publicos-na-estrutura-funcional-do-poder-executivo-para-ocupar-sob-o-regime-esta\/#article","isPartOf":{"@id":"https:\/\/sonora.ms.gov.br\/v2\/decretos-de-15-a-22-de-janeiro-2020-nomeacoes-dos-aprovados-no-concurso-de-provas-e-titulos-para-provimento-de-cargos-publicos-na-estrutura-funcional-do-poder-executivo-para-ocupar-sob-o-regime-esta\/"},"author":{"name":"adeildo","@id":"https:\/\/sonora.ms.gov.br\/v2\/#\/schema\/person\/51f6e139289b09c05a59bc20aaab8a50"},"headline":"Decretos de 15 a 22 de janeiro 2020, nomea\u00e7\u00f5es dos aprovados no Concurso de Provas e T\u00edtulos para provimento de Cargos P\u00fablicos na Estrutura Funcional do Poder Executivo, para ocupar sob o regime estatut\u00e1rio.","datePublished":"2020-01-23T15:53:28+00:00","dateModified":"2020-08-13T18:10:04+00:00","mainEntityOfPage":{"@id":"https:\/\/sonora.ms.gov.br\/v2\/decretos-de-15-a-22-de-janeiro-2020-nomeacoes-dos-aprovados-no-concurso-de-provas-e-titulos-para-provimento-de-cargos-publicos-na-estrutura-funcional-do-poder-executivo-para-ocupar-sob-o-regime-esta\/"},"wordCount":56,"image":{"@id":"https:\/\/sonora.ms.gov.br\/v2\/decretos-de-15-a-22-de-janeiro-2020-nomeacoes-dos-aprovados-no-concurso-de-provas-e-titulos-para-provimento-de-cargos-publicos-na-estrutura-funcional-do-poder-executivo-para-ocupar-sob-o-regime-esta\/#primaryimage"},"thumbnailUrl":"https:\/\/sonora.ms.gov.br\/v2\/wp-content\/uploads\/2020\/01\/CONCURSO-VINHETA.jpg","articleSection":["Concursos e Processos Seletivo"],"inLanguage":"pt-BR"},{"@type":"WebPage","@id":"https:\/\/sonora.ms.gov.br\/v2\/decretos-de-15-a-22-de-janeiro-2020-nomeacoes-dos-aprovados-no-concurso-de-provas-e-titulos-para-provimento-de-cargos-publicos-na-estrutura-funcional-do-poder-executivo-para-ocupar-sob-o-regime-esta\/","url":"https:\/\/sonora.ms.gov.br\/v2\/decretos-de-15-a-22-de-janeiro-2020-nomeacoes-dos-aprovados-no-concurso-de-provas-e-titulos-para-provimento-de-cargos-publicos-na-estrutura-funcional-do-poder-executivo-para-ocupar-sob-o-regime-esta\/","name":"Decretos de 15 a 22 de janeiro 2020, nomea\u00e7\u00f5es dos aprovados no Concurso de Provas e T\u00edtulos para provimento de Cargos P\u00fablicos na Estrutura Funcional do Poder Executivo, para ocupar sob o regime estatut\u00e1rio. - Prefeitura Municipal de Sonora","isPartOf":{"@id":"https:\/\/sonora.ms.gov.br\/v2\/#website"},"primaryImageOfPage":{"@id":"https:\/\/sonora.ms.gov.br\/v2\/decretos-de-15-a-22-de-janeiro-2020-nomeacoes-dos-aprovados-no-concurso-de-provas-e-titulos-para-provimento-de-cargos-publicos-na-estrutura-funcional-do-poder-executivo-para-ocupar-sob-o-regime-esta\/#primaryimage"},"image":{"@id":"https:\/\/sonora.ms.gov.br\/v2\/decretos-de-15-a-22-de-janeiro-2020-nomeacoes-dos-aprovados-no-concurso-de-provas-e-titulos-para-provimento-de-cargos-publicos-na-estrutura-funcional-do-poder-executivo-para-ocupar-sob-o-regime-esta\/#primaryimage"},"thumbnailUrl":"https:\/\/sonora.ms.gov.br\/v2\/wp-content\/uploads\/2020\/01\/CONCURSO-VINHETA.jpg","datePublished":"2020-01-23T15:53:28+00:00","dateModified":"2020-08-13T18:10:04+00:00","author":{"@id":"https:\/\/sonora.ms.gov.br\/v2\/#\/schema\/person\/51f6e139289b09c05a59bc20aaab8a50"},"breadcrumb":{"@id":"https:\/\/sonora.ms.gov.br\/v2\/decretos-de-15-a-22-de-janeiro-2020-nomeacoes-dos-aprovados-no-concurso-de-provas-e-titulos-para-provimento-de-cargos-publicos-na-estrutura-funcional-do-poder-executivo-para-ocupar-sob-o-regime-esta\/#breadcrumb"},"inLanguage":"pt-BR","potentialAction":[{"@type":"ReadAction","target":["https:\/\/sonora.ms.gov.br\/v2\/decretos-de-15-a-22-de-janeiro-2020-nomeacoes-dos-aprovados-no-concurso-de-provas-e-titulos-para-provimento-de-cargos-publicos-na-estrutura-funcional-do-poder-executivo-para-ocupar-sob-o-regime-esta\/"]}]},{"@type":"ImageObject","inLanguage":"pt-BR","@id":"https:\/\/sonora.ms.gov.br\/v2\/decretos-de-15-a-22-de-janeiro-2020-nomeacoes-dos-aprovados-no-concurso-de-provas-e-titulos-para-provimento-de-cargos-publicos-na-estrutura-funcional-do-poder-executivo-para-ocupar-sob-o-regime-esta\/#primaryimage","url":"https:\/\/sonora.ms.gov.br\/v2\/wp-content\/uploads\/2020\/01\/CONCURSO-VINHETA.jpg","contentUrl":"https:\/\/sonora.ms.gov.br\/v2\/wp-content\/uploads\/2020\/01\/CONCURSO-VINHETA.jpg","width":1410,"height":1558},{"@type":"BreadcrumbList","@id":"https:\/\/sonora.ms.gov.br\/v2\/decretos-de-15-a-22-de-janeiro-2020-nomeacoes-dos-aprovados-no-concurso-de-provas-e-titulos-para-provimento-de-cargos-publicos-na-estrutura-funcional-do-poder-executivo-para-ocupar-sob-o-regime-esta\/#breadcrumb","itemListElement":[{"@type":"ListItem","position":1,"name":"In\u00edcio","item":"https:\/\/sonora.ms.gov.br\/v2\/"},{"@type":"ListItem","position":2,"name":"Decretos de 15 a 22 de janeiro 2020, nomea\u00e7\u00f5es dos aprovados no Concurso de Provas e T\u00edtulos para provimento de Cargos P\u00fablicos na Estrutura Funcional do Poder Executivo, para ocupar sob o regime estatut\u00e1rio."}]},{"@type":"WebSite","@id":"https:\/\/sonora.ms.gov.br\/v2\/#website","url":"https:\/\/sonora.ms.gov.br\/v2\/","name":"Prefeitura Municipal de Sonora","description":"Poder Executivo","potentialAction":[{"@type":"SearchAction","target":{"@type":"EntryPoint","urlTemplate":"https:\/\/sonora.ms.gov.br\/v2\/?s={search_term_string}"},"query-input":{"@type":"PropertyValueSpecification","valueRequired":true,"valueName":"search_term_string"}}],"inLanguage":"pt-BR"},{"@type":"Person","@id":"https:\/\/sonora.ms.gov.br\/v2\/#\/schema\/person\/51f6e139289b09c05a59bc20aaab8a50","name":"adeildo","image":{"@type":"ImageObject","inLanguage":"pt-BR","@id":"https:\/\/secure.gravatar.com\/avatar\/e5765d730d44ab1af4a323cac96b3222e77c35c973674361c1bc200f3915939f?s=96&d=mm&r=g","url":"https:\/\/secure.gravatar.com\/avatar\/e5765d730d44ab1af4a323cac96b3222e77c35c973674361c1bc200f3915939f?s=96&d=mm&r=g","contentUrl":"https:\/\/secure.gravatar.com\/avatar\/e5765d730d44ab1af4a323cac96b3222e77c35c973674361c1bc200f3915939f?s=96&d=mm&r=g","caption":"adeildo"},"url":"https:\/\/sonora.ms.gov.br\/v2\/author\/adeildo\/"}]}},"_links":{"self":[{"href":"https:\/\/sonora.ms.gov.br\/v2\/wp-json\/wp\/v2\/posts\/2994","targetHints":{"allow":["GET"]}}],"collection":[{"href":"https:\/\/sonora.ms.gov.br\/v2\/wp-json\/wp\/v2\/posts"}],"about":[{"href":"https:\/\/sonora.ms.gov.br\/v2\/wp-json\/wp\/v2\/types\/post"}],"author":[{"embeddable":true,"href":"https:\/\/sonora.ms.gov.br\/v2\/wp-json\/wp\/v2\/users\/4"}],"replies":[{"embeddable":true,"href":"https:\/\/sonora.ms.gov.br\/v2\/wp-json\/wp\/v2\/comments?post=2994"}],"version-history":[{"count":2,"href":"https:\/\/sonora.ms.gov.br\/v2\/wp-json\/wp\/v2\/posts\/2994\/revisions"}],"predecessor-version":[{"id":3863,"href":"https:\/\/sonora.ms.gov.br\/v2\/wp-json\/wp\/v2\/posts\/2994\/revisions\/3863"}],"wp:featuredmedia":[{"embeddable":true,"href":"https:\/\/sonora.ms.gov.br\/v2\/wp-json\/wp\/v2\/media\/2945"}],"wp:attachment":[{"href":"https:\/\/sonora.ms.gov.br\/v2\/wp-json\/wp\/v2\/media?parent=2994"}],"wp:term":[{"taxonomy":"category","embeddable":true,"href":"https:\/\/sonora.ms.gov.br\/v2\/wp-json\/wp\/v2\/categories?post=2994"},{"taxonomy":"post_tag","embeddable":true,"href":"https:\/\/sonora.ms.gov.br\/v2\/wp-json\/wp\/v2\/tags?post=2994"}],"curies":[{"name":"wp","href":"https:\/\/api.w.org\/{rel}","templated":true}]}}