{"id":3229,"date":"2020-06-02T10:08:32","date_gmt":"2020-06-02T14:08:32","guid":{"rendered":"https:\/\/sonora.ms.gov.br\/v2\/?p=3229"},"modified":"2024-10-07T10:41:45","modified_gmt":"2024-10-07T14:41:45","slug":"novo-decreto","status":"publish","type":"post","link":"https:\/\/sonora.ms.gov.br\/v2\/novo-decreto\/","title":{"rendered":"Novo Decreto"},"content":{"rendered":"<p>Na data de hoje 02\/06\/2020 a prefeitura municipal de Sonora publica um novo decreto onde fala sobre o feriado referente ao anivers\u00e1rio da cidade.<\/p>\n<p><img loading=\"lazy\" decoding=\"async\" class=\"alignnone size-large wp-image-3230\" src=\"https:\/\/sonora.ms.gov.br\/v2\/wp-content\/uploads\/2020\/06\/DECRETO-N\u00ba805-PRORROGA\u00c7\u00c3O-FERIADO-ANIVERS\u00c1RIO-DA-CIDADE-1-722x1024.jpg\" alt=\"\" width=\"696\" height=\"987\" srcset=\"https:\/\/sonora.ms.gov.br\/v2\/wp-content\/uploads\/2020\/06\/DECRETO-N\u00ba805-PRORROGA\u00c7\u00c3O-FERIADO-ANIVERS\u00c1RIO-DA-CIDADE-1-722x1024.jpg 722w, https:\/\/sonora.ms.gov.br\/v2\/wp-content\/uploads\/2020\/06\/DECRETO-N\u00ba805-PRORROGA\u00c7\u00c3O-FERIADO-ANIVERS\u00c1RIO-DA-CIDADE-1-212x300.jpg 212w, https:\/\/sonora.ms.gov.br\/v2\/wp-content\/uploads\/2020\/06\/DECRETO-N\u00ba805-PRORROGA\u00c7\u00c3O-FERIADO-ANIVERS\u00c1RIO-DA-CIDADE-1-768x1089.jpg 768w, https:\/\/sonora.ms.gov.br\/v2\/wp-content\/uploads\/2020\/06\/DECRETO-N\u00ba805-PRORROGA\u00c7\u00c3O-FERIADO-ANIVERS\u00c1RIO-DA-CIDADE-1-1084x1536.jpg 1084w, https:\/\/sonora.ms.gov.br\/v2\/wp-content\/uploads\/2020\/06\/DECRETO-N\u00ba805-PRORROGA\u00c7\u00c3O-FERIADO-ANIVERS\u00c1RIO-DA-CIDADE-1-1445x2048.jpg 1445w, https:\/\/sonora.ms.gov.br\/v2\/wp-content\/uploads\/2020\/06\/DECRETO-N\u00ba805-PRORROGA\u00c7\u00c3O-FERIADO-ANIVERS\u00c1RIO-DA-CIDADE-1-scaled.jpg 1806w\" sizes=\"auto, (max-width: 696px) 100vw, 696px\" \/> <img loading=\"lazy\" decoding=\"async\" class=\"alignnone size-large wp-image-3231\" src=\"https:\/\/sonora.ms.gov.br\/v2\/wp-content\/uploads\/2020\/06\/DECRETO-N\u00ba805-PRORROGA\u00c7\u00c3O-FERIADO-ANIVERS\u00c1RIO-DA-CIDADE-2-722x1024.jpg\" alt=\"\" width=\"696\" height=\"987\" srcset=\"https:\/\/sonora.ms.gov.br\/v2\/wp-content\/uploads\/2020\/06\/DECRETO-N\u00ba805-PRORROGA\u00c7\u00c3O-FERIADO-ANIVERS\u00c1RIO-DA-CIDADE-2-722x1024.jpg 722w, https:\/\/sonora.ms.gov.br\/v2\/wp-content\/uploads\/2020\/06\/DECRETO-N\u00ba805-PRORROGA\u00c7\u00c3O-FERIADO-ANIVERS\u00c1RIO-DA-CIDADE-2-211x300.jpg 211w, https:\/\/sonora.ms.gov.br\/v2\/wp-content\/uploads\/2020\/06\/DECRETO-N\u00ba805-PRORROGA\u00c7\u00c3O-FERIADO-ANIVERS\u00c1RIO-DA-CIDADE-2-768x1090.jpg 768w, https:\/\/sonora.ms.gov.br\/v2\/wp-content\/uploads\/2020\/06\/DECRETO-N\u00ba805-PRORROGA\u00c7\u00c3O-FERIADO-ANIVERS\u00c1RIO-DA-CIDADE-2-1083x1536.jpg 1083w, https:\/\/sonora.ms.gov.br\/v2\/wp-content\/uploads\/2020\/06\/DECRETO-N\u00ba805-PRORROGA\u00c7\u00c3O-FERIADO-ANIVERS\u00c1RIO-DA-CIDADE-2-1444x2048.jpg 1444w, https:\/\/sonora.ms.gov.br\/v2\/wp-content\/uploads\/2020\/06\/DECRETO-N\u00ba805-PRORROGA\u00c7\u00c3O-FERIADO-ANIVERS\u00c1RIO-DA-CIDADE-2-scaled.jpg 1804w\" sizes=\"auto, (max-width: 696px) 100vw, 696px\" \/><\/p>\n","protected":false},"excerpt":{"rendered":"<p>Na data de hoje 02\/06\/2020 a prefeitura municipal de Sonora publica um novo decreto onde fala sobre o feriado referente ao anivers\u00e1rio da cidade.<\/p>\n","protected":false},"author":7,"featured_media":3230,"comment_status":"closed","ping_status":"closed","sticky":false,"template":"","format":"standard","meta":{"footnotes":""},"categories":[3],"tags":[],"class_list":["post-3229","post","type-post","status-publish","format-standard","has-post-thumbnail","hentry","category-destaque"],"yoast_head":"<!-- This site is optimized with the Yoast SEO plugin v27.4 - https:\/\/yoast.com\/product\/yoast-seo-wordpress\/ -->\n<title>Novo Decreto - Prefeitura Municipal de Sonora<\/title>\n<meta name=\"robots\" content=\"index, follow, max-snippet:-1, max-image-preview:large, max-video-preview:-1\" \/>\n<link rel=\"canonical\" href=\"https:\/\/sonora.ms.gov.br\/v2\/novo-decreto\/\" \/>\n<meta property=\"og:locale\" content=\"pt_BR\" \/>\n<meta property=\"og:type\" content=\"article\" \/>\n<meta property=\"og:title\" content=\"Novo Decreto - Prefeitura Municipal de Sonora\" \/>\n<meta property=\"og:description\" content=\"Na data de hoje 02\/06\/2020 a prefeitura municipal de Sonora publica um novo decreto onde fala sobre o feriado referente ao anivers\u00e1rio da cidade.\" \/>\n<meta property=\"og:url\" content=\"https:\/\/sonora.ms.gov.br\/v2\/novo-decreto\/\" \/>\n<meta property=\"og:site_name\" content=\"Prefeitura Municipal de Sonora\" \/>\n<meta property=\"article:publisher\" content=\"https:\/\/www.facebook.com\/Prefeitura-Municipal-de-Sonora-320210145060198\" \/>\n<meta property=\"article:published_time\" content=\"2020-06-02T14:08:32+00:00\" \/>\n<meta property=\"article:modified_time\" content=\"2024-10-07T14:41:45+00:00\" \/>\n<meta property=\"og:image\" content=\"https:\/\/sonora.ms.gov.br\/v2\/wp-content\/uploads\/2020\/06\/DECRETO-N\u00ba805-PRORROGA\u00c7\u00c3O-FERIADO-ANIVERS\u00c1RIO-DA-CIDADE-1-scaled.jpg\" \/>\n\t<meta property=\"og:image:width\" content=\"1806\" \/>\n\t<meta property=\"og:image:height\" content=\"2560\" \/>\n\t<meta property=\"og:image:type\" content=\"image\/jpeg\" \/>\n<meta name=\"author\" content=\"Olavo Ferreira\" \/>\n<meta name=\"twitter:card\" content=\"summary_large_image\" \/>\n<meta name=\"twitter:label1\" content=\"Escrito por\" \/>\n\t<meta name=\"twitter:data1\" content=\"Olavo Ferreira\" \/>\n<script type=\"application\/ld+json\" class=\"yoast-schema-graph\">{\"@context\":\"https:\\\/\\\/schema.org\",\"@graph\":[{\"@type\":\"Article\",\"@id\":\"https:\\\/\\\/sonora.ms.gov.br\\\/v2\\\/novo-decreto\\\/#article\",\"isPartOf\":{\"@id\":\"https:\\\/\\\/sonora.ms.gov.br\\\/v2\\\/novo-decreto\\\/\"},\"author\":{\"name\":\"Olavo Ferreira\",\"@id\":\"https:\\\/\\\/sonora.ms.gov.br\\\/v2\\\/#\\\/schema\\\/person\\\/a2871ea1d123be1fe3685ab1e3fe8882\"},\"headline\":\"Novo Decreto\",\"datePublished\":\"2020-06-02T14:08:32+00:00\",\"dateModified\":\"2024-10-07T14:41:45+00:00\",\"mainEntityOfPage\":{\"@id\":\"https:\\\/\\\/sonora.ms.gov.br\\\/v2\\\/novo-decreto\\\/\"},\"wordCount\":26,\"image\":{\"@id\":\"https:\\\/\\\/sonora.ms.gov.br\\\/v2\\\/novo-decreto\\\/#primaryimage\"},\"thumbnailUrl\":\"https:\\\/\\\/sonora.ms.gov.br\\\/v2\\\/wp-content\\\/uploads\\\/2020\\\/06\\\/DECRETO-N\u00ba805-PRORROGA\u00c7\u00c3O-FERIADO-ANIVERS\u00c1RIO-DA-CIDADE-1-scaled.jpg\",\"articleSection\":[\"Destaque\"],\"inLanguage\":\"pt-BR\"},{\"@type\":\"WebPage\",\"@id\":\"https:\\\/\\\/sonora.ms.gov.br\\\/v2\\\/novo-decreto\\\/\",\"url\":\"https:\\\/\\\/sonora.ms.gov.br\\\/v2\\\/novo-decreto\\\/\",\"name\":\"Novo Decreto - Prefeitura Municipal de Sonora\",\"isPartOf\":{\"@id\":\"https:\\\/\\\/sonora.ms.gov.br\\\/v2\\\/#website\"},\"primaryImageOfPage\":{\"@id\":\"https:\\\/\\\/sonora.ms.gov.br\\\/v2\\\/novo-decreto\\\/#primaryimage\"},\"image\":{\"@id\":\"https:\\\/\\\/sonora.ms.gov.br\\\/v2\\\/novo-decreto\\\/#primaryimage\"},\"thumbnailUrl\":\"https:\\\/\\\/sonora.ms.gov.br\\\/v2\\\/wp-content\\\/uploads\\\/2020\\\/06\\\/DECRETO-N\u00ba805-PRORROGA\u00c7\u00c3O-FERIADO-ANIVERS\u00c1RIO-DA-CIDADE-1-scaled.jpg\",\"datePublished\":\"2020-06-02T14:08:32+00:00\",\"dateModified\":\"2024-10-07T14:41:45+00:00\",\"author\":{\"@id\":\"https:\\\/\\\/sonora.ms.gov.br\\\/v2\\\/#\\\/schema\\\/person\\\/a2871ea1d123be1fe3685ab1e3fe8882\"},\"breadcrumb\":{\"@id\":\"https:\\\/\\\/sonora.ms.gov.br\\\/v2\\\/novo-decreto\\\/#breadcrumb\"},\"inLanguage\":\"pt-BR\",\"potentialAction\":[{\"@type\":\"ReadAction\",\"target\":[\"https:\\\/\\\/sonora.ms.gov.br\\\/v2\\\/novo-decreto\\\/\"]}]},{\"@type\":\"ImageObject\",\"inLanguage\":\"pt-BR\",\"@id\":\"https:\\\/\\\/sonora.ms.gov.br\\\/v2\\\/novo-decreto\\\/#primaryimage\",\"url\":\"https:\\\/\\\/sonora.ms.gov.br\\\/v2\\\/wp-content\\\/uploads\\\/2020\\\/06\\\/DECRETO-N\u00ba805-PRORROGA\u00c7\u00c3O-FERIADO-ANIVERS\u00c1RIO-DA-CIDADE-1-scaled.jpg\",\"contentUrl\":\"https:\\\/\\\/sonora.ms.gov.br\\\/v2\\\/wp-content\\\/uploads\\\/2020\\\/06\\\/DECRETO-N\u00ba805-PRORROGA\u00c7\u00c3O-FERIADO-ANIVERS\u00c1RIO-DA-CIDADE-1-scaled.jpg\",\"width\":1806,\"height\":2560},{\"@type\":\"BreadcrumbList\",\"@id\":\"https:\\\/\\\/sonora.ms.gov.br\\\/v2\\\/novo-decreto\\\/#breadcrumb\",\"itemListElement\":[{\"@type\":\"ListItem\",\"position\":1,\"name\":\"In\u00edcio\",\"item\":\"https:\\\/\\\/sonora.ms.gov.br\\\/v2\\\/\"},{\"@type\":\"ListItem\",\"position\":2,\"name\":\"Novo Decreto\"}]},{\"@type\":\"WebSite\",\"@id\":\"https:\\\/\\\/sonora.ms.gov.br\\\/v2\\\/#website\",\"url\":\"https:\\\/\\\/sonora.ms.gov.br\\\/v2\\\/\",\"name\":\"Prefeitura Municipal de Sonora\",\"description\":\"Poder Executivo\",\"potentialAction\":[{\"@type\":\"SearchAction\",\"target\":{\"@type\":\"EntryPoint\",\"urlTemplate\":\"https:\\\/\\\/sonora.ms.gov.br\\\/v2\\\/?s={search_term_string}\"},\"query-input\":{\"@type\":\"PropertyValueSpecification\",\"valueRequired\":true,\"valueName\":\"search_term_string\"}}],\"inLanguage\":\"pt-BR\"},{\"@type\":\"Person\",\"@id\":\"https:\\\/\\\/sonora.ms.gov.br\\\/v2\\\/#\\\/schema\\\/person\\\/a2871ea1d123be1fe3685ab1e3fe8882\",\"name\":\"Olavo Ferreira\",\"image\":{\"@type\":\"ImageObject\",\"inLanguage\":\"pt-BR\",\"@id\":\"https:\\\/\\\/secure.gravatar.com\\\/avatar\\\/39c057595e5625e97699b856b3ee838a489c3fce8a929dfc495386ae38ab3bb9?s=96&d=mm&r=g\",\"url\":\"https:\\\/\\\/secure.gravatar.com\\\/avatar\\\/39c057595e5625e97699b856b3ee838a489c3fce8a929dfc495386ae38ab3bb9?s=96&d=mm&r=g\",\"contentUrl\":\"https:\\\/\\\/secure.gravatar.com\\\/avatar\\\/39c057595e5625e97699b856b3ee838a489c3fce8a929dfc495386ae38ab3bb9?s=96&d=mm&r=g\",\"caption\":\"Olavo Ferreira\"},\"url\":\"https:\\\/\\\/sonora.ms.gov.br\\\/v2\\\/author\\\/admof\\\/\"}]}<\/script>\n<!-- \/ Yoast SEO plugin. -->","yoast_head_json":{"title":"Novo Decreto - Prefeitura Municipal de Sonora","robots":{"index":"index","follow":"follow","max-snippet":"max-snippet:-1","max-image-preview":"max-image-preview:large","max-video-preview":"max-video-preview:-1"},"canonical":"https:\/\/sonora.ms.gov.br\/v2\/novo-decreto\/","og_locale":"pt_BR","og_type":"article","og_title":"Novo Decreto - Prefeitura Municipal de Sonora","og_description":"Na data de hoje 02\/06\/2020 a prefeitura municipal de Sonora publica um novo decreto onde fala sobre o feriado referente ao anivers\u00e1rio da cidade.","og_url":"https:\/\/sonora.ms.gov.br\/v2\/novo-decreto\/","og_site_name":"Prefeitura Municipal de Sonora","article_publisher":"https:\/\/www.facebook.com\/Prefeitura-Municipal-de-Sonora-320210145060198","article_published_time":"2020-06-02T14:08:32+00:00","article_modified_time":"2024-10-07T14:41:45+00:00","og_image":[{"width":1806,"height":2560,"url":"https:\/\/sonora.ms.gov.br\/v2\/wp-content\/uploads\/2020\/06\/DECRETO-N\u00ba805-PRORROGA\u00c7\u00c3O-FERIADO-ANIVERS\u00c1RIO-DA-CIDADE-1-scaled.jpg","type":"image\/jpeg"}],"author":"Olavo Ferreira","twitter_card":"summary_large_image","twitter_misc":{"Escrito por":"Olavo Ferreira"},"schema":{"@context":"https:\/\/schema.org","@graph":[{"@type":"Article","@id":"https:\/\/sonora.ms.gov.br\/v2\/novo-decreto\/#article","isPartOf":{"@id":"https:\/\/sonora.ms.gov.br\/v2\/novo-decreto\/"},"author":{"name":"Olavo Ferreira","@id":"https:\/\/sonora.ms.gov.br\/v2\/#\/schema\/person\/a2871ea1d123be1fe3685ab1e3fe8882"},"headline":"Novo Decreto","datePublished":"2020-06-02T14:08:32+00:00","dateModified":"2024-10-07T14:41:45+00:00","mainEntityOfPage":{"@id":"https:\/\/sonora.ms.gov.br\/v2\/novo-decreto\/"},"wordCount":26,"image":{"@id":"https:\/\/sonora.ms.gov.br\/v2\/novo-decreto\/#primaryimage"},"thumbnailUrl":"https:\/\/sonora.ms.gov.br\/v2\/wp-content\/uploads\/2020\/06\/DECRETO-N\u00ba805-PRORROGA\u00c7\u00c3O-FERIADO-ANIVERS\u00c1RIO-DA-CIDADE-1-scaled.jpg","articleSection":["Destaque"],"inLanguage":"pt-BR"},{"@type":"WebPage","@id":"https:\/\/sonora.ms.gov.br\/v2\/novo-decreto\/","url":"https:\/\/sonora.ms.gov.br\/v2\/novo-decreto\/","name":"Novo Decreto - Prefeitura Municipal de Sonora","isPartOf":{"@id":"https:\/\/sonora.ms.gov.br\/v2\/#website"},"primaryImageOfPage":{"@id":"https:\/\/sonora.ms.gov.br\/v2\/novo-decreto\/#primaryimage"},"image":{"@id":"https:\/\/sonora.ms.gov.br\/v2\/novo-decreto\/#primaryimage"},"thumbnailUrl":"https:\/\/sonora.ms.gov.br\/v2\/wp-content\/uploads\/2020\/06\/DECRETO-N\u00ba805-PRORROGA\u00c7\u00c3O-FERIADO-ANIVERS\u00c1RIO-DA-CIDADE-1-scaled.jpg","datePublished":"2020-06-02T14:08:32+00:00","dateModified":"2024-10-07T14:41:45+00:00","author":{"@id":"https:\/\/sonora.ms.gov.br\/v2\/#\/schema\/person\/a2871ea1d123be1fe3685ab1e3fe8882"},"breadcrumb":{"@id":"https:\/\/sonora.ms.gov.br\/v2\/novo-decreto\/#breadcrumb"},"inLanguage":"pt-BR","potentialAction":[{"@type":"ReadAction","target":["https:\/\/sonora.ms.gov.br\/v2\/novo-decreto\/"]}]},{"@type":"ImageObject","inLanguage":"pt-BR","@id":"https:\/\/sonora.ms.gov.br\/v2\/novo-decreto\/#primaryimage","url":"https:\/\/sonora.ms.gov.br\/v2\/wp-content\/uploads\/2020\/06\/DECRETO-N\u00ba805-PRORROGA\u00c7\u00c3O-FERIADO-ANIVERS\u00c1RIO-DA-CIDADE-1-scaled.jpg","contentUrl":"https:\/\/sonora.ms.gov.br\/v2\/wp-content\/uploads\/2020\/06\/DECRETO-N\u00ba805-PRORROGA\u00c7\u00c3O-FERIADO-ANIVERS\u00c1RIO-DA-CIDADE-1-scaled.jpg","width":1806,"height":2560},{"@type":"BreadcrumbList","@id":"https:\/\/sonora.ms.gov.br\/v2\/novo-decreto\/#breadcrumb","itemListElement":[{"@type":"ListItem","position":1,"name":"In\u00edcio","item":"https:\/\/sonora.ms.gov.br\/v2\/"},{"@type":"ListItem","position":2,"name":"Novo Decreto"}]},{"@type":"WebSite","@id":"https:\/\/sonora.ms.gov.br\/v2\/#website","url":"https:\/\/sonora.ms.gov.br\/v2\/","name":"Prefeitura Municipal de Sonora","description":"Poder Executivo","potentialAction":[{"@type":"SearchAction","target":{"@type":"EntryPoint","urlTemplate":"https:\/\/sonora.ms.gov.br\/v2\/?s={search_term_string}"},"query-input":{"@type":"PropertyValueSpecification","valueRequired":true,"valueName":"search_term_string"}}],"inLanguage":"pt-BR"},{"@type":"Person","@id":"https:\/\/sonora.ms.gov.br\/v2\/#\/schema\/person\/a2871ea1d123be1fe3685ab1e3fe8882","name":"Olavo Ferreira","image":{"@type":"ImageObject","inLanguage":"pt-BR","@id":"https:\/\/secure.gravatar.com\/avatar\/39c057595e5625e97699b856b3ee838a489c3fce8a929dfc495386ae38ab3bb9?s=96&d=mm&r=g","url":"https:\/\/secure.gravatar.com\/avatar\/39c057595e5625e97699b856b3ee838a489c3fce8a929dfc495386ae38ab3bb9?s=96&d=mm&r=g","contentUrl":"https:\/\/secure.gravatar.com\/avatar\/39c057595e5625e97699b856b3ee838a489c3fce8a929dfc495386ae38ab3bb9?s=96&d=mm&r=g","caption":"Olavo Ferreira"},"url":"https:\/\/sonora.ms.gov.br\/v2\/author\/admof\/"}]}},"_links":{"self":[{"href":"https:\/\/sonora.ms.gov.br\/v2\/wp-json\/wp\/v2\/posts\/3229","targetHints":{"allow":["GET"]}}],"collection":[{"href":"https:\/\/sonora.ms.gov.br\/v2\/wp-json\/wp\/v2\/posts"}],"about":[{"href":"https:\/\/sonora.ms.gov.br\/v2\/wp-json\/wp\/v2\/types\/post"}],"author":[{"embeddable":true,"href":"https:\/\/sonora.ms.gov.br\/v2\/wp-json\/wp\/v2\/users\/7"}],"replies":[{"embeddable":true,"href":"https:\/\/sonora.ms.gov.br\/v2\/wp-json\/wp\/v2\/comments?post=3229"}],"version-history":[{"count":1,"href":"https:\/\/sonora.ms.gov.br\/v2\/wp-json\/wp\/v2\/posts\/3229\/revisions"}],"predecessor-version":[{"id":3232,"href":"https:\/\/sonora.ms.gov.br\/v2\/wp-json\/wp\/v2\/posts\/3229\/revisions\/3232"}],"wp:featuredmedia":[{"embeddable":true,"href":"https:\/\/sonora.ms.gov.br\/v2\/wp-json\/wp\/v2\/media\/3230"}],"wp:attachment":[{"href":"https:\/\/sonora.ms.gov.br\/v2\/wp-json\/wp\/v2\/media?parent=3229"}],"wp:term":[{"taxonomy":"category","embeddable":true,"href":"https:\/\/sonora.ms.gov.br\/v2\/wp-json\/wp\/v2\/categories?post=3229"},{"taxonomy":"post_tag","embeddable":true,"href":"https:\/\/sonora.ms.gov.br\/v2\/wp-json\/wp\/v2\/tags?post=3229"}],"curies":[{"name":"wp","href":"https:\/\/api.w.org\/{rel}","templated":true}]}}