{"id":4372,"date":"2020-12-03T09:28:16","date_gmt":"2020-12-03T13:28:16","guid":{"rendered":"https:\/\/sonora.ms.gov.br\/v2\/?p=4372"},"modified":"2020-12-03T09:28:16","modified_gmt":"2020-12-03T13:28:16","slug":"hospital-rachid-saldanha-derzi-em-sonora-recebe-novos-e-modernos-equipamentos","status":"publish","type":"post","link":"https:\/\/sonora.ms.gov.br\/v2\/hospital-rachid-saldanha-derzi-em-sonora-recebe-novos-e-modernos-equipamentos\/","title":{"rendered":"Hospital Rachid Saldanha Derzi em Sonora recebe novos e modernos equipamentos"},"content":{"rendered":"<p><a href=\"https:\/\/sonora.ms.gov.br\/v2\/wp-content\/uploads\/2020\/12\/respiradores_3.jpg\"><img loading=\"lazy\" decoding=\"async\" class=\"alignleft wp-image-4376 size-medium\" src=\"https:\/\/sonora.ms.gov.br\/v2\/wp-content\/uploads\/2020\/12\/respiradores_3-300x200.jpg\" alt=\"\" width=\"300\" height=\"200\" srcset=\"https:\/\/sonora.ms.gov.br\/v2\/wp-content\/uploads\/2020\/12\/respiradores_3-300x200.jpg 300w, https:\/\/sonora.ms.gov.br\/v2\/wp-content\/uploads\/2020\/12\/respiradores_3-768x511.jpg 768w, https:\/\/sonora.ms.gov.br\/v2\/wp-content\/uploads\/2020\/12\/respiradores_3-696x463.jpg 696w, https:\/\/sonora.ms.gov.br\/v2\/wp-content\/uploads\/2020\/12\/respiradores_3-631x420.jpg 631w, https:\/\/sonora.ms.gov.br\/v2\/wp-content\/uploads\/2020\/12\/respiradores_3.jpg 960w\" sizes=\"auto, (max-width: 300px) 100vw, 300px\" \/><\/a>J\u00e1 est\u00e3o em uso no Hospital Rachid Saldanha Derzi em Sonora os novos e modernos equipamentos incorporados pela prefeitura municipal de Sonora. Dentre eles, dois cardioversores e desfibriladores, quatro respiradores, monitores param\u00e9tricos, bomba de infus\u00e3o com equipo universal e um aparelho de Raio X al\u00e9m de algumas amplia\u00e7\u00f5es no hospital.<\/p>\n<p>Estas aquisi\u00e7\u00f5es foram atrav\u00e9s de emendas parlamentares e tamb\u00e9m com recursos pr\u00f3prios do munic\u00edpio, e visa oferecer atendimento com ainda mais qualidade e agilidade aos pacientes que venham precisar de tratamento mais complexo.<\/p>\n<p><a href=\"https:\/\/sonora.ms.gov.br\/v2\/wp-content\/uploads\/2020\/12\/Aparelhos-Cardioinversores_hospital_3.jpg\"><img loading=\"lazy\" decoding=\"async\" class=\"alignleft wp-image-4374 size-medium\" src=\"https:\/\/sonora.ms.gov.br\/v2\/wp-content\/uploads\/2020\/12\/Aparelhos-Cardioinversores_hospital_3-300x200.jpg\" alt=\"\" width=\"300\" height=\"200\" srcset=\"https:\/\/sonora.ms.gov.br\/v2\/wp-content\/uploads\/2020\/12\/Aparelhos-Cardioinversores_hospital_3-300x200.jpg 300w, https:\/\/sonora.ms.gov.br\/v2\/wp-content\/uploads\/2020\/12\/Aparelhos-Cardioinversores_hospital_3-768x512.jpg 768w, https:\/\/sonora.ms.gov.br\/v2\/wp-content\/uploads\/2020\/12\/Aparelhos-Cardioinversores_hospital_3-696x464.jpg 696w, https:\/\/sonora.ms.gov.br\/v2\/wp-content\/uploads\/2020\/12\/Aparelhos-Cardioinversores_hospital_3-630x420.jpg 630w, https:\/\/sonora.ms.gov.br\/v2\/wp-content\/uploads\/2020\/12\/Aparelhos-Cardioinversores_hospital_3.jpg 961w\" sizes=\"auto, (max-width: 300px) 100vw, 300px\" \/><\/a>Os cardioversores e desfibriladores s\u00e3o voltados aos pacientes que sofrem parada cardiorrespirat\u00f3ria (PCR). O intervalo entre uma PCR e a desfibrila\u00e7\u00e3o \u00e9 um dos fatores determinantes para a sobreviv\u00eancia.<\/p>\n<p>&nbsp;<\/p>\n<p>&nbsp;<\/p>\n<p><a href=\"https:\/\/sonora.ms.gov.br\/v2\/wp-content\/uploads\/2020\/12\/2-respiradores.jpg\"><img loading=\"lazy\" decoding=\"async\" class=\"alignleft wp-image-4375 size-medium\" src=\"https:\/\/sonora.ms.gov.br\/v2\/wp-content\/uploads\/2020\/12\/2-respiradores-300x200.jpg\" alt=\"\" width=\"300\" height=\"200\" srcset=\"https:\/\/sonora.ms.gov.br\/v2\/wp-content\/uploads\/2020\/12\/2-respiradores-300x200.jpg 300w, https:\/\/sonora.ms.gov.br\/v2\/wp-content\/uploads\/2020\/12\/2-respiradores-768x512.jpg 768w, https:\/\/sonora.ms.gov.br\/v2\/wp-content\/uploads\/2020\/12\/2-respiradores-696x464.jpg 696w, https:\/\/sonora.ms.gov.br\/v2\/wp-content\/uploads\/2020\/12\/2-respiradores-630x420.jpg 630w, https:\/\/sonora.ms.gov.br\/v2\/wp-content\/uploads\/2020\/12\/2-respiradores.jpg 960w\" sizes=\"auto, (max-width: 300px) 100vw, 300px\" \/><\/a>Os monitores param\u00e9tricos mostram os n\u00edveis de respira\u00e7\u00e3o, oxigena\u00e7\u00e3o, press\u00e3o arterial, temperatura e batimentos card\u00edacos. Eles s\u00e3o muito utilizados durante os atendimentos de urg\u00eancia e emerg\u00eancia, sobretudo em casos de infarto agudo do mioc\u00e1rdio, acidente vascular cerebral, traumatismos e infec\u00e7\u00f5es generalizadas.<\/p>\n","protected":false},"excerpt":{"rendered":"<p>J\u00e1 est\u00e3o em uso no Hospital Rachid Saldanha Derzi em Sonora os novos e modernos equipamentos incorporados pela prefeitura municipal de Sonora. Dentre eles, dois cardioversores e desfibriladores, quatro respiradores, monitores param\u00e9tricos, bomba de infus\u00e3o com equipo universal e um aparelho de Raio X al\u00e9m de algumas amplia\u00e7\u00f5es no hospital. Estas aquisi\u00e7\u00f5es foram atrav\u00e9s de [&hellip;]<\/p>\n","protected":false},"author":4,"featured_media":4373,"comment_status":"closed","ping_status":"closed","sticky":false,"template":"","format":"standard","meta":{"footnotes":""},"categories":[3,4],"tags":[],"class_list":["post-4372","post","type-post","status-publish","format-standard","has-post-thumbnail","hentry","category-destaque","category-saude"],"yoast_head":"<!-- This site is optimized with the Yoast SEO plugin v27.5 - https:\/\/yoast.com\/product\/yoast-seo-wordpress\/ -->\n<title>Hospital Rachid Saldanha Derzi em Sonora recebe novos e modernos equipamentos - Prefeitura Municipal de Sonora<\/title>\n<meta name=\"robots\" content=\"index, follow, max-snippet:-1, max-image-preview:large, max-video-preview:-1\" \/>\n<link rel=\"canonical\" href=\"https:\/\/sonora.ms.gov.br\/v2\/hospital-rachid-saldanha-derzi-em-sonora-recebe-novos-e-modernos-equipamentos\/\" \/>\n<meta property=\"og:locale\" content=\"pt_BR\" \/>\n<meta property=\"og:type\" content=\"article\" \/>\n<meta property=\"og:title\" content=\"Hospital Rachid Saldanha Derzi em Sonora recebe novos e modernos equipamentos - Prefeitura Municipal de Sonora\" \/>\n<meta property=\"og:description\" content=\"J\u00e1 est\u00e3o em uso no Hospital Rachid Saldanha Derzi em Sonora os novos e modernos equipamentos incorporados pela prefeitura municipal de Sonora. Dentre eles, dois cardioversores e desfibriladores, quatro respiradores, monitores param\u00e9tricos, bomba de infus\u00e3o com equipo universal e um aparelho de Raio X al\u00e9m de algumas amplia\u00e7\u00f5es no hospital. Estas aquisi\u00e7\u00f5es foram atrav\u00e9s de [&hellip;]\" \/>\n<meta property=\"og:url\" content=\"https:\/\/sonora.ms.gov.br\/v2\/hospital-rachid-saldanha-derzi-em-sonora-recebe-novos-e-modernos-equipamentos\/\" \/>\n<meta property=\"og:site_name\" content=\"Prefeitura Municipal de Sonora\" \/>\n<meta property=\"article:publisher\" content=\"https:\/\/www.facebook.com\/Prefeitura-Municipal-de-Sonora-320210145060198\" \/>\n<meta property=\"article:published_time\" content=\"2020-12-03T13:28:16+00:00\" \/>\n<meta property=\"og:image\" content=\"https:\/\/sonora.ms.gov.br\/v2\/wp-content\/uploads\/2020\/12\/HOSPITAL-REFORMADO-22-11-2019_9.jpeg\" \/>\n\t<meta property=\"og:image:width\" content=\"1081\" \/>\n\t<meta property=\"og:image:height\" content=\"811\" \/>\n\t<meta property=\"og:image:type\" content=\"image\/jpeg\" \/>\n<meta name=\"author\" content=\"adeildo\" \/>\n<meta name=\"twitter:card\" content=\"summary_large_image\" \/>\n<meta name=\"twitter:label1\" content=\"Escrito por\" \/>\n\t<meta name=\"twitter:data1\" content=\"adeildo\" \/>\n\t<meta name=\"twitter:label2\" content=\"Est. tempo de leitura\" \/>\n\t<meta name=\"twitter:data2\" content=\"1 minuto\" \/>\n<script type=\"application\/ld+json\" class=\"yoast-schema-graph\">{\"@context\":\"https:\\\/\\\/schema.org\",\"@graph\":[{\"@type\":\"Article\",\"@id\":\"https:\\\/\\\/sonora.ms.gov.br\\\/v2\\\/hospital-rachid-saldanha-derzi-em-sonora-recebe-novos-e-modernos-equipamentos\\\/#article\",\"isPartOf\":{\"@id\":\"https:\\\/\\\/sonora.ms.gov.br\\\/v2\\\/hospital-rachid-saldanha-derzi-em-sonora-recebe-novos-e-modernos-equipamentos\\\/\"},\"author\":{\"name\":\"adeildo\",\"@id\":\"https:\\\/\\\/sonora.ms.gov.br\\\/v2\\\/#\\\/schema\\\/person\\\/51f6e139289b09c05a59bc20aaab8a50\"},\"headline\":\"Hospital Rachid Saldanha Derzi em Sonora recebe novos e modernos equipamentos\",\"datePublished\":\"2020-12-03T13:28:16+00:00\",\"mainEntityOfPage\":{\"@id\":\"https:\\\/\\\/sonora.ms.gov.br\\\/v2\\\/hospital-rachid-saldanha-derzi-em-sonora-recebe-novos-e-modernos-equipamentos\\\/\"},\"wordCount\":190,\"image\":{\"@id\":\"https:\\\/\\\/sonora.ms.gov.br\\\/v2\\\/hospital-rachid-saldanha-derzi-em-sonora-recebe-novos-e-modernos-equipamentos\\\/#primaryimage\"},\"thumbnailUrl\":\"https:\\\/\\\/sonora.ms.gov.br\\\/v2\\\/wp-content\\\/uploads\\\/2020\\\/12\\\/HOSPITAL-REFORMADO-22-11-2019_9.jpeg\",\"articleSection\":[\"Destaque\",\"Sa\u00fade\"],\"inLanguage\":\"pt-BR\"},{\"@type\":\"WebPage\",\"@id\":\"https:\\\/\\\/sonora.ms.gov.br\\\/v2\\\/hospital-rachid-saldanha-derzi-em-sonora-recebe-novos-e-modernos-equipamentos\\\/\",\"url\":\"https:\\\/\\\/sonora.ms.gov.br\\\/v2\\\/hospital-rachid-saldanha-derzi-em-sonora-recebe-novos-e-modernos-equipamentos\\\/\",\"name\":\"Hospital Rachid Saldanha Derzi em Sonora recebe novos e modernos equipamentos - Prefeitura Municipal de Sonora\",\"isPartOf\":{\"@id\":\"https:\\\/\\\/sonora.ms.gov.br\\\/v2\\\/#website\"},\"primaryImageOfPage\":{\"@id\":\"https:\\\/\\\/sonora.ms.gov.br\\\/v2\\\/hospital-rachid-saldanha-derzi-em-sonora-recebe-novos-e-modernos-equipamentos\\\/#primaryimage\"},\"image\":{\"@id\":\"https:\\\/\\\/sonora.ms.gov.br\\\/v2\\\/hospital-rachid-saldanha-derzi-em-sonora-recebe-novos-e-modernos-equipamentos\\\/#primaryimage\"},\"thumbnailUrl\":\"https:\\\/\\\/sonora.ms.gov.br\\\/v2\\\/wp-content\\\/uploads\\\/2020\\\/12\\\/HOSPITAL-REFORMADO-22-11-2019_9.jpeg\",\"datePublished\":\"2020-12-03T13:28:16+00:00\",\"author\":{\"@id\":\"https:\\\/\\\/sonora.ms.gov.br\\\/v2\\\/#\\\/schema\\\/person\\\/51f6e139289b09c05a59bc20aaab8a50\"},\"breadcrumb\":{\"@id\":\"https:\\\/\\\/sonora.ms.gov.br\\\/v2\\\/hospital-rachid-saldanha-derzi-em-sonora-recebe-novos-e-modernos-equipamentos\\\/#breadcrumb\"},\"inLanguage\":\"pt-BR\",\"potentialAction\":[{\"@type\":\"ReadAction\",\"target\":[\"https:\\\/\\\/sonora.ms.gov.br\\\/v2\\\/hospital-rachid-saldanha-derzi-em-sonora-recebe-novos-e-modernos-equipamentos\\\/\"]}]},{\"@type\":\"ImageObject\",\"inLanguage\":\"pt-BR\",\"@id\":\"https:\\\/\\\/sonora.ms.gov.br\\\/v2\\\/hospital-rachid-saldanha-derzi-em-sonora-recebe-novos-e-modernos-equipamentos\\\/#primaryimage\",\"url\":\"https:\\\/\\\/sonora.ms.gov.br\\\/v2\\\/wp-content\\\/uploads\\\/2020\\\/12\\\/HOSPITAL-REFORMADO-22-11-2019_9.jpeg\",\"contentUrl\":\"https:\\\/\\\/sonora.ms.gov.br\\\/v2\\\/wp-content\\\/uploads\\\/2020\\\/12\\\/HOSPITAL-REFORMADO-22-11-2019_9.jpeg\",\"width\":1081,\"height\":811},{\"@type\":\"BreadcrumbList\",\"@id\":\"https:\\\/\\\/sonora.ms.gov.br\\\/v2\\\/hospital-rachid-saldanha-derzi-em-sonora-recebe-novos-e-modernos-equipamentos\\\/#breadcrumb\",\"itemListElement\":[{\"@type\":\"ListItem\",\"position\":1,\"name\":\"In\u00edcio\",\"item\":\"https:\\\/\\\/sonora.ms.gov.br\\\/v2\\\/\"},{\"@type\":\"ListItem\",\"position\":2,\"name\":\"Hospital Rachid Saldanha Derzi em Sonora recebe novos e modernos equipamentos\"}]},{\"@type\":\"WebSite\",\"@id\":\"https:\\\/\\\/sonora.ms.gov.br\\\/v2\\\/#website\",\"url\":\"https:\\\/\\\/sonora.ms.gov.br\\\/v2\\\/\",\"name\":\"Prefeitura Municipal de Sonora\",\"description\":\"Poder Executivo\",\"potentialAction\":[{\"@type\":\"SearchAction\",\"target\":{\"@type\":\"EntryPoint\",\"urlTemplate\":\"https:\\\/\\\/sonora.ms.gov.br\\\/v2\\\/?s={search_term_string}\"},\"query-input\":{\"@type\":\"PropertyValueSpecification\",\"valueRequired\":true,\"valueName\":\"search_term_string\"}}],\"inLanguage\":\"pt-BR\"},{\"@type\":\"Person\",\"@id\":\"https:\\\/\\\/sonora.ms.gov.br\\\/v2\\\/#\\\/schema\\\/person\\\/51f6e139289b09c05a59bc20aaab8a50\",\"name\":\"adeildo\",\"image\":{\"@type\":\"ImageObject\",\"inLanguage\":\"pt-BR\",\"@id\":\"https:\\\/\\\/secure.gravatar.com\\\/avatar\\\/e5765d730d44ab1af4a323cac96b3222e77c35c973674361c1bc200f3915939f?s=96&d=mm&r=g\",\"url\":\"https:\\\/\\\/secure.gravatar.com\\\/avatar\\\/e5765d730d44ab1af4a323cac96b3222e77c35c973674361c1bc200f3915939f?s=96&d=mm&r=g\",\"contentUrl\":\"https:\\\/\\\/secure.gravatar.com\\\/avatar\\\/e5765d730d44ab1af4a323cac96b3222e77c35c973674361c1bc200f3915939f?s=96&d=mm&r=g\",\"caption\":\"adeildo\"},\"url\":\"https:\\\/\\\/sonora.ms.gov.br\\\/v2\\\/author\\\/adeildo\\\/\"}]}<\/script>\n<!-- \/ Yoast SEO plugin. -->","yoast_head_json":{"title":"Hospital Rachid Saldanha Derzi em Sonora recebe novos e modernos equipamentos - Prefeitura Municipal de Sonora","robots":{"index":"index","follow":"follow","max-snippet":"max-snippet:-1","max-image-preview":"max-image-preview:large","max-video-preview":"max-video-preview:-1"},"canonical":"https:\/\/sonora.ms.gov.br\/v2\/hospital-rachid-saldanha-derzi-em-sonora-recebe-novos-e-modernos-equipamentos\/","og_locale":"pt_BR","og_type":"article","og_title":"Hospital Rachid Saldanha Derzi em Sonora recebe novos e modernos equipamentos - Prefeitura Municipal de Sonora","og_description":"J\u00e1 est\u00e3o em uso no Hospital Rachid Saldanha Derzi em Sonora os novos e modernos equipamentos incorporados pela prefeitura municipal de Sonora. Dentre eles, dois cardioversores e desfibriladores, quatro respiradores, monitores param\u00e9tricos, bomba de infus\u00e3o com equipo universal e um aparelho de Raio X al\u00e9m de algumas amplia\u00e7\u00f5es no hospital. Estas aquisi\u00e7\u00f5es foram atrav\u00e9s de [&hellip;]","og_url":"https:\/\/sonora.ms.gov.br\/v2\/hospital-rachid-saldanha-derzi-em-sonora-recebe-novos-e-modernos-equipamentos\/","og_site_name":"Prefeitura Municipal de Sonora","article_publisher":"https:\/\/www.facebook.com\/Prefeitura-Municipal-de-Sonora-320210145060198","article_published_time":"2020-12-03T13:28:16+00:00","og_image":[{"width":1081,"height":811,"url":"https:\/\/sonora.ms.gov.br\/v2\/wp-content\/uploads\/2020\/12\/HOSPITAL-REFORMADO-22-11-2019_9.jpeg","type":"image\/jpeg"}],"author":"adeildo","twitter_card":"summary_large_image","twitter_misc":{"Escrito por":"adeildo","Est. tempo de leitura":"1 minuto"},"schema":{"@context":"https:\/\/schema.org","@graph":[{"@type":"Article","@id":"https:\/\/sonora.ms.gov.br\/v2\/hospital-rachid-saldanha-derzi-em-sonora-recebe-novos-e-modernos-equipamentos\/#article","isPartOf":{"@id":"https:\/\/sonora.ms.gov.br\/v2\/hospital-rachid-saldanha-derzi-em-sonora-recebe-novos-e-modernos-equipamentos\/"},"author":{"name":"adeildo","@id":"https:\/\/sonora.ms.gov.br\/v2\/#\/schema\/person\/51f6e139289b09c05a59bc20aaab8a50"},"headline":"Hospital Rachid Saldanha Derzi em Sonora recebe novos e modernos equipamentos","datePublished":"2020-12-03T13:28:16+00:00","mainEntityOfPage":{"@id":"https:\/\/sonora.ms.gov.br\/v2\/hospital-rachid-saldanha-derzi-em-sonora-recebe-novos-e-modernos-equipamentos\/"},"wordCount":190,"image":{"@id":"https:\/\/sonora.ms.gov.br\/v2\/hospital-rachid-saldanha-derzi-em-sonora-recebe-novos-e-modernos-equipamentos\/#primaryimage"},"thumbnailUrl":"https:\/\/sonora.ms.gov.br\/v2\/wp-content\/uploads\/2020\/12\/HOSPITAL-REFORMADO-22-11-2019_9.jpeg","articleSection":["Destaque","Sa\u00fade"],"inLanguage":"pt-BR"},{"@type":"WebPage","@id":"https:\/\/sonora.ms.gov.br\/v2\/hospital-rachid-saldanha-derzi-em-sonora-recebe-novos-e-modernos-equipamentos\/","url":"https:\/\/sonora.ms.gov.br\/v2\/hospital-rachid-saldanha-derzi-em-sonora-recebe-novos-e-modernos-equipamentos\/","name":"Hospital Rachid Saldanha Derzi em Sonora recebe novos e modernos equipamentos - Prefeitura Municipal de Sonora","isPartOf":{"@id":"https:\/\/sonora.ms.gov.br\/v2\/#website"},"primaryImageOfPage":{"@id":"https:\/\/sonora.ms.gov.br\/v2\/hospital-rachid-saldanha-derzi-em-sonora-recebe-novos-e-modernos-equipamentos\/#primaryimage"},"image":{"@id":"https:\/\/sonora.ms.gov.br\/v2\/hospital-rachid-saldanha-derzi-em-sonora-recebe-novos-e-modernos-equipamentos\/#primaryimage"},"thumbnailUrl":"https:\/\/sonora.ms.gov.br\/v2\/wp-content\/uploads\/2020\/12\/HOSPITAL-REFORMADO-22-11-2019_9.jpeg","datePublished":"2020-12-03T13:28:16+00:00","author":{"@id":"https:\/\/sonora.ms.gov.br\/v2\/#\/schema\/person\/51f6e139289b09c05a59bc20aaab8a50"},"breadcrumb":{"@id":"https:\/\/sonora.ms.gov.br\/v2\/hospital-rachid-saldanha-derzi-em-sonora-recebe-novos-e-modernos-equipamentos\/#breadcrumb"},"inLanguage":"pt-BR","potentialAction":[{"@type":"ReadAction","target":["https:\/\/sonora.ms.gov.br\/v2\/hospital-rachid-saldanha-derzi-em-sonora-recebe-novos-e-modernos-equipamentos\/"]}]},{"@type":"ImageObject","inLanguage":"pt-BR","@id":"https:\/\/sonora.ms.gov.br\/v2\/hospital-rachid-saldanha-derzi-em-sonora-recebe-novos-e-modernos-equipamentos\/#primaryimage","url":"https:\/\/sonora.ms.gov.br\/v2\/wp-content\/uploads\/2020\/12\/HOSPITAL-REFORMADO-22-11-2019_9.jpeg","contentUrl":"https:\/\/sonora.ms.gov.br\/v2\/wp-content\/uploads\/2020\/12\/HOSPITAL-REFORMADO-22-11-2019_9.jpeg","width":1081,"height":811},{"@type":"BreadcrumbList","@id":"https:\/\/sonora.ms.gov.br\/v2\/hospital-rachid-saldanha-derzi-em-sonora-recebe-novos-e-modernos-equipamentos\/#breadcrumb","itemListElement":[{"@type":"ListItem","position":1,"name":"In\u00edcio","item":"https:\/\/sonora.ms.gov.br\/v2\/"},{"@type":"ListItem","position":2,"name":"Hospital Rachid Saldanha Derzi em Sonora recebe novos e modernos equipamentos"}]},{"@type":"WebSite","@id":"https:\/\/sonora.ms.gov.br\/v2\/#website","url":"https:\/\/sonora.ms.gov.br\/v2\/","name":"Prefeitura Municipal de Sonora","description":"Poder Executivo","potentialAction":[{"@type":"SearchAction","target":{"@type":"EntryPoint","urlTemplate":"https:\/\/sonora.ms.gov.br\/v2\/?s={search_term_string}"},"query-input":{"@type":"PropertyValueSpecification","valueRequired":true,"valueName":"search_term_string"}}],"inLanguage":"pt-BR"},{"@type":"Person","@id":"https:\/\/sonora.ms.gov.br\/v2\/#\/schema\/person\/51f6e139289b09c05a59bc20aaab8a50","name":"adeildo","image":{"@type":"ImageObject","inLanguage":"pt-BR","@id":"https:\/\/secure.gravatar.com\/avatar\/e5765d730d44ab1af4a323cac96b3222e77c35c973674361c1bc200f3915939f?s=96&d=mm&r=g","url":"https:\/\/secure.gravatar.com\/avatar\/e5765d730d44ab1af4a323cac96b3222e77c35c973674361c1bc200f3915939f?s=96&d=mm&r=g","contentUrl":"https:\/\/secure.gravatar.com\/avatar\/e5765d730d44ab1af4a323cac96b3222e77c35c973674361c1bc200f3915939f?s=96&d=mm&r=g","caption":"adeildo"},"url":"https:\/\/sonora.ms.gov.br\/v2\/author\/adeildo\/"}]}},"_links":{"self":[{"href":"https:\/\/sonora.ms.gov.br\/v2\/wp-json\/wp\/v2\/posts\/4372","targetHints":{"allow":["GET"]}}],"collection":[{"href":"https:\/\/sonora.ms.gov.br\/v2\/wp-json\/wp\/v2\/posts"}],"about":[{"href":"https:\/\/sonora.ms.gov.br\/v2\/wp-json\/wp\/v2\/types\/post"}],"author":[{"embeddable":true,"href":"https:\/\/sonora.ms.gov.br\/v2\/wp-json\/wp\/v2\/users\/4"}],"replies":[{"embeddable":true,"href":"https:\/\/sonora.ms.gov.br\/v2\/wp-json\/wp\/v2\/comments?post=4372"}],"version-history":[{"count":1,"href":"https:\/\/sonora.ms.gov.br\/v2\/wp-json\/wp\/v2\/posts\/4372\/revisions"}],"predecessor-version":[{"id":4377,"href":"https:\/\/sonora.ms.gov.br\/v2\/wp-json\/wp\/v2\/posts\/4372\/revisions\/4377"}],"wp:featuredmedia":[{"embeddable":true,"href":"https:\/\/sonora.ms.gov.br\/v2\/wp-json\/wp\/v2\/media\/4373"}],"wp:attachment":[{"href":"https:\/\/sonora.ms.gov.br\/v2\/wp-json\/wp\/v2\/media?parent=4372"}],"wp:term":[{"taxonomy":"category","embeddable":true,"href":"https:\/\/sonora.ms.gov.br\/v2\/wp-json\/wp\/v2\/categories?post=4372"},{"taxonomy":"post_tag","embeddable":true,"href":"https:\/\/sonora.ms.gov.br\/v2\/wp-json\/wp\/v2\/tags?post=4372"}],"curies":[{"name":"wp","href":"https:\/\/api.w.org\/{rel}","templated":true}]}}