{"id":7844,"date":"2021-11-20T08:21:19","date_gmt":"2021-11-20T12:21:19","guid":{"rendered":"https:\/\/sonora.ms.gov.br\/v2\/?p=7844"},"modified":"2021-11-20T08:29:32","modified_gmt":"2021-11-20T12:29:32","slug":"primeira-dama-adenir-franco-e-prefeito-enelto-participam-do-lancamento-do-bem-nascer-mato-grosso-do-sul","status":"publish","type":"post","link":"https:\/\/sonora.ms.gov.br\/v2\/primeira-dama-adenir-franco-e-prefeito-enelto-participam-do-lancamento-do-bem-nascer-mato-grosso-do-sul\/","title":{"rendered":"Primeira-dama Adenir Franco e prefeito Enelto participam do lan\u00e7amento do \u201cBem Nascer Mato Grosso do Sul\u201d"},"content":{"rendered":"<p>A primeira-dama de Sonora, Adenir Franco, acompanhada do prefeito Enelto Ramos e do chefe de gabinete Thiago Lima, participaram nesta sexta-feira (19), do lan\u00e7amento do projeto &#8220;Bem Nascer Mato Grosso do Sul&#8221;, que visa a redu\u00e7\u00e3o a mortalidade materna e infantil no Estado.<\/p>\n<p>De autoria do Governo do Estado, por meio da Secretaria de Estado de Sa\u00fade, o \u2018Projeto Bem Nascer MS\u2019, tem como objetivo reduzir a mortalidade materna e infantil em Mato Grosso do Sul. Para fortalecimento das a\u00e7\u00f5es do projeto, R$ 14 milh\u00f5es foram destinados, sendo que R$ 11,6 milh\u00f5es investidos na compra de 75 aparelhos de ultrassons que foram entregues aos munic\u00edpios seguindo crit\u00e9rios t\u00e9cnicos de distribui\u00e7\u00e3o, al\u00e9m do incentivo financeiro para custeio dos Centros Especializados Materno-Infantil do Estado.<\/p>\n<p>Para o secret\u00e1rio de Estado de Sa\u00fade, Geraldo Resende, o projeto &#8220;Bem Nascer Mato Grosso do Sul&#8221; surge para evitar a morte de mulheres gr\u00e1vidas ou no p\u00f3s-parto, bem como dos beb\u00eas rec\u00e9m-nascidos. \u201cPor isso, queremos promover esse fortalecimento do sistema de sa\u00fade, melhorando os equipamentos, o transporte e contratando mais profissionais, al\u00e9m de investir na qualifica\u00e7\u00e3o deles\u201d.<\/p>\n<p>A primeira-dama de Sonora, Adenir Franco, que est\u00e1 sempre engajada nas a\u00e7\u00f5es sociais do munic\u00edpio disse estar empenhada com o projeto. \u201cComo mulher e m\u00e3e sei das dificuldades que muitas de n\u00f3s enfrentamos e a realidade de muitas m\u00e3ezinhas n\u00e3o \u00e9 f\u00e1cil, com certeza darei o meu melhor para zelar pela sa\u00fade de todas e para que esse projeto em Sonora seja um sucesso\u201d, disse.<\/p>\n<p>O desafio de reduzir os \u00edndices de mortalidade materna e infantil n\u00e3o \u00e9 exclusividade de Mato Grosso do Sul, o Brasil precisa atingir at\u00e9 2030, metas de redu\u00e7\u00e3o da mortalidade materna, conforme pactua\u00e7\u00e3o definida nos \u2018Objetivos do Desenvolvimento Sustent\u00e1vel\u2019 (ODS), considerando morte materna como todos os \u00f3bitos que ocorrem durante a gravidez ou at\u00e9 os 42 dias seguintes ao parto, para cumprir acordos firmados com a ONU.<\/p>\n<p>Embora Mato Grosso do Sul venha reduzindo os \u00edndices de mortalidade materna e infantil nos \u00faltimos anos, muito ainda pode ser feito para que haja melhora na qualidade dos servi\u00e7os de sa\u00fade e mortes sejam evitadas.<\/p>\n<p>O \u2018Bem Nascer MS\u2019 tem como madrinha, a primeira-dama do Estado, F\u00e1tima Azambuja.<\/p>\n","protected":false},"excerpt":{"rendered":"<p>A primeira-dama de Sonora, Adenir Franco, acompanhada do prefeito Enelto Ramos e do chefe de gabinete Thiago Lima, participaram nesta sexta-feira (19), do lan\u00e7amento do projeto &#8220;Bem Nascer Mato Grosso do Sul&#8221;, que visa a redu\u00e7\u00e3o a mortalidade materna e infantil no Estado. De autoria do Governo do Estado, por meio da Secretaria de Estado [&hellip;]<\/p>\n","protected":false},"author":11,"featured_media":7848,"comment_status":"closed","ping_status":"closed","sticky":false,"template":"","format":"standard","meta":{"footnotes":""},"categories":[3],"tags":[],"class_list":["post-7844","post","type-post","status-publish","format-standard","has-post-thumbnail","hentry","category-destaque"],"yoast_head":"<!-- This site is optimized with the Yoast SEO plugin v27.5 - https:\/\/yoast.com\/product\/yoast-seo-wordpress\/ -->\n<title>Primeira-dama Adenir Franco e prefeito Enelto participam do lan\u00e7amento do \u201cBem Nascer Mato Grosso do Sul\u201d - Prefeitura Municipal de Sonora<\/title>\n<meta name=\"robots\" content=\"index, follow, max-snippet:-1, max-image-preview:large, max-video-preview:-1\" \/>\n<link rel=\"canonical\" href=\"https:\/\/sonora.ms.gov.br\/v2\/primeira-dama-adenir-franco-e-prefeito-enelto-participam-do-lancamento-do-bem-nascer-mato-grosso-do-sul\/\" \/>\n<meta property=\"og:locale\" content=\"pt_BR\" \/>\n<meta property=\"og:type\" content=\"article\" \/>\n<meta property=\"og:title\" content=\"Primeira-dama Adenir Franco e prefeito Enelto participam do lan\u00e7amento do \u201cBem Nascer Mato Grosso do Sul\u201d - Prefeitura Municipal de Sonora\" \/>\n<meta property=\"og:description\" content=\"A primeira-dama de Sonora, Adenir Franco, acompanhada do prefeito Enelto Ramos e do chefe de gabinete Thiago Lima, participaram nesta sexta-feira (19), do lan\u00e7amento do projeto &#8220;Bem Nascer Mato Grosso do Sul&#8221;, que visa a redu\u00e7\u00e3o a mortalidade materna e infantil no Estado. De autoria do Governo do Estado, por meio da Secretaria de Estado [&hellip;]\" \/>\n<meta property=\"og:url\" content=\"https:\/\/sonora.ms.gov.br\/v2\/primeira-dama-adenir-franco-e-prefeito-enelto-participam-do-lancamento-do-bem-nascer-mato-grosso-do-sul\/\" \/>\n<meta property=\"og:site_name\" content=\"Prefeitura Municipal de Sonora\" \/>\n<meta property=\"article:publisher\" content=\"https:\/\/www.facebook.com\/Prefeitura-Municipal-de-Sonora-320210145060198\" \/>\n<meta property=\"article:published_time\" content=\"2021-11-20T12:21:19+00:00\" \/>\n<meta property=\"article:modified_time\" content=\"2021-11-20T12:29:32+00:00\" \/>\n<meta property=\"og:image\" content=\"https:\/\/sonora.ms.gov.br\/v2\/wp-content\/uploads\/2021\/11\/adenir-1.jpg\" \/>\n\t<meta property=\"og:image:width\" content=\"1194\" \/>\n\t<meta property=\"og:image:height\" content=\"968\" \/>\n\t<meta property=\"og:image:type\" content=\"image\/jpeg\" \/>\n<meta name=\"author\" content=\"ASSECOM\" \/>\n<meta name=\"twitter:card\" content=\"summary_large_image\" \/>\n<meta name=\"twitter:label1\" content=\"Escrito por\" \/>\n\t<meta name=\"twitter:data1\" content=\"ASSECOM\" \/>\n\t<meta name=\"twitter:label2\" content=\"Est. tempo de leitura\" \/>\n\t<meta name=\"twitter:data2\" content=\"2 minutos\" \/>\n<script type=\"application\/ld+json\" class=\"yoast-schema-graph\">{\"@context\":\"https:\\\/\\\/schema.org\",\"@graph\":[{\"@type\":\"Article\",\"@id\":\"https:\\\/\\\/sonora.ms.gov.br\\\/v2\\\/primeira-dama-adenir-franco-e-prefeito-enelto-participam-do-lancamento-do-bem-nascer-mato-grosso-do-sul\\\/#article\",\"isPartOf\":{\"@id\":\"https:\\\/\\\/sonora.ms.gov.br\\\/v2\\\/primeira-dama-adenir-franco-e-prefeito-enelto-participam-do-lancamento-do-bem-nascer-mato-grosso-do-sul\\\/\"},\"author\":{\"name\":\"ASSECOM\",\"@id\":\"https:\\\/\\\/sonora.ms.gov.br\\\/v2\\\/#\\\/schema\\\/person\\\/4ab6116642b2d012eb9df4581930d4ba\"},\"headline\":\"Primeira-dama Adenir Franco e prefeito Enelto participam do lan\u00e7amento do \u201cBem Nascer Mato Grosso do Sul\u201d\",\"datePublished\":\"2021-11-20T12:21:19+00:00\",\"dateModified\":\"2021-11-20T12:29:32+00:00\",\"mainEntityOfPage\":{\"@id\":\"https:\\\/\\\/sonora.ms.gov.br\\\/v2\\\/primeira-dama-adenir-franco-e-prefeito-enelto-participam-do-lancamento-do-bem-nascer-mato-grosso-do-sul\\\/\"},\"wordCount\":405,\"image\":{\"@id\":\"https:\\\/\\\/sonora.ms.gov.br\\\/v2\\\/primeira-dama-adenir-franco-e-prefeito-enelto-participam-do-lancamento-do-bem-nascer-mato-grosso-do-sul\\\/#primaryimage\"},\"thumbnailUrl\":\"https:\\\/\\\/sonora.ms.gov.br\\\/v2\\\/wp-content\\\/uploads\\\/2021\\\/11\\\/adenir-1.jpg\",\"articleSection\":[\"Destaque\"],\"inLanguage\":\"pt-BR\"},{\"@type\":\"WebPage\",\"@id\":\"https:\\\/\\\/sonora.ms.gov.br\\\/v2\\\/primeira-dama-adenir-franco-e-prefeito-enelto-participam-do-lancamento-do-bem-nascer-mato-grosso-do-sul\\\/\",\"url\":\"https:\\\/\\\/sonora.ms.gov.br\\\/v2\\\/primeira-dama-adenir-franco-e-prefeito-enelto-participam-do-lancamento-do-bem-nascer-mato-grosso-do-sul\\\/\",\"name\":\"Primeira-dama Adenir Franco e prefeito Enelto participam do lan\u00e7amento do \u201cBem Nascer Mato Grosso do Sul\u201d - Prefeitura Municipal de Sonora\",\"isPartOf\":{\"@id\":\"https:\\\/\\\/sonora.ms.gov.br\\\/v2\\\/#website\"},\"primaryImageOfPage\":{\"@id\":\"https:\\\/\\\/sonora.ms.gov.br\\\/v2\\\/primeira-dama-adenir-franco-e-prefeito-enelto-participam-do-lancamento-do-bem-nascer-mato-grosso-do-sul\\\/#primaryimage\"},\"image\":{\"@id\":\"https:\\\/\\\/sonora.ms.gov.br\\\/v2\\\/primeira-dama-adenir-franco-e-prefeito-enelto-participam-do-lancamento-do-bem-nascer-mato-grosso-do-sul\\\/#primaryimage\"},\"thumbnailUrl\":\"https:\\\/\\\/sonora.ms.gov.br\\\/v2\\\/wp-content\\\/uploads\\\/2021\\\/11\\\/adenir-1.jpg\",\"datePublished\":\"2021-11-20T12:21:19+00:00\",\"dateModified\":\"2021-11-20T12:29:32+00:00\",\"author\":{\"@id\":\"https:\\\/\\\/sonora.ms.gov.br\\\/v2\\\/#\\\/schema\\\/person\\\/4ab6116642b2d012eb9df4581930d4ba\"},\"breadcrumb\":{\"@id\":\"https:\\\/\\\/sonora.ms.gov.br\\\/v2\\\/primeira-dama-adenir-franco-e-prefeito-enelto-participam-do-lancamento-do-bem-nascer-mato-grosso-do-sul\\\/#breadcrumb\"},\"inLanguage\":\"pt-BR\",\"potentialAction\":[{\"@type\":\"ReadAction\",\"target\":[\"https:\\\/\\\/sonora.ms.gov.br\\\/v2\\\/primeira-dama-adenir-franco-e-prefeito-enelto-participam-do-lancamento-do-bem-nascer-mato-grosso-do-sul\\\/\"]}]},{\"@type\":\"ImageObject\",\"inLanguage\":\"pt-BR\",\"@id\":\"https:\\\/\\\/sonora.ms.gov.br\\\/v2\\\/primeira-dama-adenir-franco-e-prefeito-enelto-participam-do-lancamento-do-bem-nascer-mato-grosso-do-sul\\\/#primaryimage\",\"url\":\"https:\\\/\\\/sonora.ms.gov.br\\\/v2\\\/wp-content\\\/uploads\\\/2021\\\/11\\\/adenir-1.jpg\",\"contentUrl\":\"https:\\\/\\\/sonora.ms.gov.br\\\/v2\\\/wp-content\\\/uploads\\\/2021\\\/11\\\/adenir-1.jpg\",\"width\":1194,\"height\":968},{\"@type\":\"BreadcrumbList\",\"@id\":\"https:\\\/\\\/sonora.ms.gov.br\\\/v2\\\/primeira-dama-adenir-franco-e-prefeito-enelto-participam-do-lancamento-do-bem-nascer-mato-grosso-do-sul\\\/#breadcrumb\",\"itemListElement\":[{\"@type\":\"ListItem\",\"position\":1,\"name\":\"In\u00edcio\",\"item\":\"https:\\\/\\\/sonora.ms.gov.br\\\/v2\\\/\"},{\"@type\":\"ListItem\",\"position\":2,\"name\":\"Primeira-dama Adenir Franco e prefeito Enelto participam do lan\u00e7amento do \u201cBem Nascer Mato Grosso do Sul\u201d\"}]},{\"@type\":\"WebSite\",\"@id\":\"https:\\\/\\\/sonora.ms.gov.br\\\/v2\\\/#website\",\"url\":\"https:\\\/\\\/sonora.ms.gov.br\\\/v2\\\/\",\"name\":\"Prefeitura Municipal de Sonora\",\"description\":\"Poder Executivo\",\"potentialAction\":[{\"@type\":\"SearchAction\",\"target\":{\"@type\":\"EntryPoint\",\"urlTemplate\":\"https:\\\/\\\/sonora.ms.gov.br\\\/v2\\\/?s={search_term_string}\"},\"query-input\":{\"@type\":\"PropertyValueSpecification\",\"valueRequired\":true,\"valueName\":\"search_term_string\"}}],\"inLanguage\":\"pt-BR\"},{\"@type\":\"Person\",\"@id\":\"https:\\\/\\\/sonora.ms.gov.br\\\/v2\\\/#\\\/schema\\\/person\\\/4ab6116642b2d012eb9df4581930d4ba\",\"name\":\"ASSECOM\",\"image\":{\"@type\":\"ImageObject\",\"inLanguage\":\"pt-BR\",\"@id\":\"https:\\\/\\\/secure.gravatar.com\\\/avatar\\\/07661a622a44db7adc8a2430b0e3ae4fec8761198b558f07b533c423697ce9e6?s=96&d=mm&r=g\",\"url\":\"https:\\\/\\\/secure.gravatar.com\\\/avatar\\\/07661a622a44db7adc8a2430b0e3ae4fec8761198b558f07b533c423697ce9e6?s=96&d=mm&r=g\",\"contentUrl\":\"https:\\\/\\\/secure.gravatar.com\\\/avatar\\\/07661a622a44db7adc8a2430b0e3ae4fec8761198b558f07b533c423697ce9e6?s=96&d=mm&r=g\",\"caption\":\"ASSECOM\"},\"url\":\"https:\\\/\\\/sonora.ms.gov.br\\\/v2\\\/author\\\/fernanda-frefer\\\/\"}]}<\/script>\n<!-- \/ Yoast SEO plugin. -->","yoast_head_json":{"title":"Primeira-dama Adenir Franco e prefeito Enelto participam do lan\u00e7amento do \u201cBem Nascer Mato Grosso do Sul\u201d - Prefeitura Municipal de Sonora","robots":{"index":"index","follow":"follow","max-snippet":"max-snippet:-1","max-image-preview":"max-image-preview:large","max-video-preview":"max-video-preview:-1"},"canonical":"https:\/\/sonora.ms.gov.br\/v2\/primeira-dama-adenir-franco-e-prefeito-enelto-participam-do-lancamento-do-bem-nascer-mato-grosso-do-sul\/","og_locale":"pt_BR","og_type":"article","og_title":"Primeira-dama Adenir Franco e prefeito Enelto participam do lan\u00e7amento do \u201cBem Nascer Mato Grosso do Sul\u201d - Prefeitura Municipal de Sonora","og_description":"A primeira-dama de Sonora, Adenir Franco, acompanhada do prefeito Enelto Ramos e do chefe de gabinete Thiago Lima, participaram nesta sexta-feira (19), do lan\u00e7amento do projeto &#8220;Bem Nascer Mato Grosso do Sul&#8221;, que visa a redu\u00e7\u00e3o a mortalidade materna e infantil no Estado. De autoria do Governo do Estado, por meio da Secretaria de Estado [&hellip;]","og_url":"https:\/\/sonora.ms.gov.br\/v2\/primeira-dama-adenir-franco-e-prefeito-enelto-participam-do-lancamento-do-bem-nascer-mato-grosso-do-sul\/","og_site_name":"Prefeitura Municipal de Sonora","article_publisher":"https:\/\/www.facebook.com\/Prefeitura-Municipal-de-Sonora-320210145060198","article_published_time":"2021-11-20T12:21:19+00:00","article_modified_time":"2021-11-20T12:29:32+00:00","og_image":[{"width":1194,"height":968,"url":"https:\/\/sonora.ms.gov.br\/v2\/wp-content\/uploads\/2021\/11\/adenir-1.jpg","type":"image\/jpeg"}],"author":"ASSECOM","twitter_card":"summary_large_image","twitter_misc":{"Escrito por":"ASSECOM","Est. tempo de leitura":"2 minutos"},"schema":{"@context":"https:\/\/schema.org","@graph":[{"@type":"Article","@id":"https:\/\/sonora.ms.gov.br\/v2\/primeira-dama-adenir-franco-e-prefeito-enelto-participam-do-lancamento-do-bem-nascer-mato-grosso-do-sul\/#article","isPartOf":{"@id":"https:\/\/sonora.ms.gov.br\/v2\/primeira-dama-adenir-franco-e-prefeito-enelto-participam-do-lancamento-do-bem-nascer-mato-grosso-do-sul\/"},"author":{"name":"ASSECOM","@id":"https:\/\/sonora.ms.gov.br\/v2\/#\/schema\/person\/4ab6116642b2d012eb9df4581930d4ba"},"headline":"Primeira-dama Adenir Franco e prefeito Enelto participam do lan\u00e7amento do \u201cBem Nascer Mato Grosso do Sul\u201d","datePublished":"2021-11-20T12:21:19+00:00","dateModified":"2021-11-20T12:29:32+00:00","mainEntityOfPage":{"@id":"https:\/\/sonora.ms.gov.br\/v2\/primeira-dama-adenir-franco-e-prefeito-enelto-participam-do-lancamento-do-bem-nascer-mato-grosso-do-sul\/"},"wordCount":405,"image":{"@id":"https:\/\/sonora.ms.gov.br\/v2\/primeira-dama-adenir-franco-e-prefeito-enelto-participam-do-lancamento-do-bem-nascer-mato-grosso-do-sul\/#primaryimage"},"thumbnailUrl":"https:\/\/sonora.ms.gov.br\/v2\/wp-content\/uploads\/2021\/11\/adenir-1.jpg","articleSection":["Destaque"],"inLanguage":"pt-BR"},{"@type":"WebPage","@id":"https:\/\/sonora.ms.gov.br\/v2\/primeira-dama-adenir-franco-e-prefeito-enelto-participam-do-lancamento-do-bem-nascer-mato-grosso-do-sul\/","url":"https:\/\/sonora.ms.gov.br\/v2\/primeira-dama-adenir-franco-e-prefeito-enelto-participam-do-lancamento-do-bem-nascer-mato-grosso-do-sul\/","name":"Primeira-dama Adenir Franco e prefeito Enelto participam do lan\u00e7amento do \u201cBem Nascer Mato Grosso do Sul\u201d - Prefeitura Municipal de Sonora","isPartOf":{"@id":"https:\/\/sonora.ms.gov.br\/v2\/#website"},"primaryImageOfPage":{"@id":"https:\/\/sonora.ms.gov.br\/v2\/primeira-dama-adenir-franco-e-prefeito-enelto-participam-do-lancamento-do-bem-nascer-mato-grosso-do-sul\/#primaryimage"},"image":{"@id":"https:\/\/sonora.ms.gov.br\/v2\/primeira-dama-adenir-franco-e-prefeito-enelto-participam-do-lancamento-do-bem-nascer-mato-grosso-do-sul\/#primaryimage"},"thumbnailUrl":"https:\/\/sonora.ms.gov.br\/v2\/wp-content\/uploads\/2021\/11\/adenir-1.jpg","datePublished":"2021-11-20T12:21:19+00:00","dateModified":"2021-11-20T12:29:32+00:00","author":{"@id":"https:\/\/sonora.ms.gov.br\/v2\/#\/schema\/person\/4ab6116642b2d012eb9df4581930d4ba"},"breadcrumb":{"@id":"https:\/\/sonora.ms.gov.br\/v2\/primeira-dama-adenir-franco-e-prefeito-enelto-participam-do-lancamento-do-bem-nascer-mato-grosso-do-sul\/#breadcrumb"},"inLanguage":"pt-BR","potentialAction":[{"@type":"ReadAction","target":["https:\/\/sonora.ms.gov.br\/v2\/primeira-dama-adenir-franco-e-prefeito-enelto-participam-do-lancamento-do-bem-nascer-mato-grosso-do-sul\/"]}]},{"@type":"ImageObject","inLanguage":"pt-BR","@id":"https:\/\/sonora.ms.gov.br\/v2\/primeira-dama-adenir-franco-e-prefeito-enelto-participam-do-lancamento-do-bem-nascer-mato-grosso-do-sul\/#primaryimage","url":"https:\/\/sonora.ms.gov.br\/v2\/wp-content\/uploads\/2021\/11\/adenir-1.jpg","contentUrl":"https:\/\/sonora.ms.gov.br\/v2\/wp-content\/uploads\/2021\/11\/adenir-1.jpg","width":1194,"height":968},{"@type":"BreadcrumbList","@id":"https:\/\/sonora.ms.gov.br\/v2\/primeira-dama-adenir-franco-e-prefeito-enelto-participam-do-lancamento-do-bem-nascer-mato-grosso-do-sul\/#breadcrumb","itemListElement":[{"@type":"ListItem","position":1,"name":"In\u00edcio","item":"https:\/\/sonora.ms.gov.br\/v2\/"},{"@type":"ListItem","position":2,"name":"Primeira-dama Adenir Franco e prefeito Enelto participam do lan\u00e7amento do \u201cBem Nascer Mato Grosso do Sul\u201d"}]},{"@type":"WebSite","@id":"https:\/\/sonora.ms.gov.br\/v2\/#website","url":"https:\/\/sonora.ms.gov.br\/v2\/","name":"Prefeitura Municipal de Sonora","description":"Poder Executivo","potentialAction":[{"@type":"SearchAction","target":{"@type":"EntryPoint","urlTemplate":"https:\/\/sonora.ms.gov.br\/v2\/?s={search_term_string}"},"query-input":{"@type":"PropertyValueSpecification","valueRequired":true,"valueName":"search_term_string"}}],"inLanguage":"pt-BR"},{"@type":"Person","@id":"https:\/\/sonora.ms.gov.br\/v2\/#\/schema\/person\/4ab6116642b2d012eb9df4581930d4ba","name":"ASSECOM","image":{"@type":"ImageObject","inLanguage":"pt-BR","@id":"https:\/\/secure.gravatar.com\/avatar\/07661a622a44db7adc8a2430b0e3ae4fec8761198b558f07b533c423697ce9e6?s=96&d=mm&r=g","url":"https:\/\/secure.gravatar.com\/avatar\/07661a622a44db7adc8a2430b0e3ae4fec8761198b558f07b533c423697ce9e6?s=96&d=mm&r=g","contentUrl":"https:\/\/secure.gravatar.com\/avatar\/07661a622a44db7adc8a2430b0e3ae4fec8761198b558f07b533c423697ce9e6?s=96&d=mm&r=g","caption":"ASSECOM"},"url":"https:\/\/sonora.ms.gov.br\/v2\/author\/fernanda-frefer\/"}]}},"_links":{"self":[{"href":"https:\/\/sonora.ms.gov.br\/v2\/wp-json\/wp\/v2\/posts\/7844","targetHints":{"allow":["GET"]}}],"collection":[{"href":"https:\/\/sonora.ms.gov.br\/v2\/wp-json\/wp\/v2\/posts"}],"about":[{"href":"https:\/\/sonora.ms.gov.br\/v2\/wp-json\/wp\/v2\/types\/post"}],"author":[{"embeddable":true,"href":"https:\/\/sonora.ms.gov.br\/v2\/wp-json\/wp\/v2\/users\/11"}],"replies":[{"embeddable":true,"href":"https:\/\/sonora.ms.gov.br\/v2\/wp-json\/wp\/v2\/comments?post=7844"}],"version-history":[{"count":1,"href":"https:\/\/sonora.ms.gov.br\/v2\/wp-json\/wp\/v2\/posts\/7844\/revisions"}],"predecessor-version":[{"id":7846,"href":"https:\/\/sonora.ms.gov.br\/v2\/wp-json\/wp\/v2\/posts\/7844\/revisions\/7846"}],"wp:featuredmedia":[{"embeddable":true,"href":"https:\/\/sonora.ms.gov.br\/v2\/wp-json\/wp\/v2\/media\/7848"}],"wp:attachment":[{"href":"https:\/\/sonora.ms.gov.br\/v2\/wp-json\/wp\/v2\/media?parent=7844"}],"wp:term":[{"taxonomy":"category","embeddable":true,"href":"https:\/\/sonora.ms.gov.br\/v2\/wp-json\/wp\/v2\/categories?post=7844"},{"taxonomy":"post_tag","embeddable":true,"href":"https:\/\/sonora.ms.gov.br\/v2\/wp-json\/wp\/v2\/tags?post=7844"}],"curies":[{"name":"wp","href":"https:\/\/api.w.org\/{rel}","templated":true}]}}