{"id":9838,"date":"2022-10-06T09:33:34","date_gmt":"2022-10-06T13:33:34","guid":{"rendered":"https:\/\/sonora.ms.gov.br\/v2\/?p=9838"},"modified":"2024-10-07T10:39:27","modified_gmt":"2024-10-07T14:39:27","slug":"saude-da-mulher-saiba-a-importancia-do-exame-preventivo-do-colo-de-utero","status":"publish","type":"post","link":"https:\/\/sonora.ms.gov.br\/v2\/saude-da-mulher-saiba-a-importancia-do-exame-preventivo-do-colo-de-utero\/","title":{"rendered":"Sa\u00fade da Mulher: saiba a import\u00e2ncia do exame preventivo do colo de \u00fatero"},"content":{"rendered":"<p><em>Quando o tema \u00e9 c\u00e2ncer de mama, mesmo ap\u00f3s a cura, \u00e9 preciso prevenir a &#8220;recidiva&#8221; da doen\u00e7a<\/em><\/p>\n<p>Durante a Campanha Outubro Rosa, de preven\u00e7\u00e3o ao c\u00e2ncer de mama, a Ger\u00eancia Municipal de Sonora agendar\u00e1 o exame preventivo de colo de \u00fatero, o Papanicolau. O cuidado desses \u00f3rg\u00e3os deve ser paralelo, para evitar o recidiva do c\u00e2ncer, que \u00e9 o segundo diagn\u00f3stico da doen\u00e7a no mesmo paciente.<\/p>\n<p>O exame de Papanicolau, de acordo com o Minist\u00e9rio da Sa\u00fade, deve fazer parte da rotina m\u00e9dica de todas as mulheres, pois ajuda a evitar o aparecimento e desenvolvimento de uma s\u00e9rie de complica\u00e7\u00f5es. Infelizmente, muitas mulheres ainda negligenciam a regularidade desse exame.<\/p>\n<p>Para esclarecer mais sobre o tema, apresentamos o guia pr\u00e1tico do exame, fornecido pelo Minist\u00e9rio da Sa\u00fade. Confira:<\/p>\n<p><strong>O que \u00e9 o exame?<\/strong><\/p>\n<p>O nome t\u00e9cnico do exame \u00e9 colpocitologia onc\u00f3tica. A coleta \u00e9 r\u00e1pida, indolor e simples, sendo necess\u00e1rio que a paciente n\u00e3o esteja em seu per\u00edodo menstrual.<\/p>\n<p><strong>Qual a import\u00e2ncia?<\/strong><\/p>\n<p>O exame preventivo atua no diagn\u00f3stico de uma s\u00e9rie de irregularidades no aspecto das c\u00e9lulas do colo uterino. \u00c9 considerado o principal m\u00e9todo para se obter o diagn\u00f3stico precoce de les\u00f5es cancer\u00edgenas no colo do \u00fatero, antes mesmo que o quadro evolua o suficiente para externar sintomas not\u00e1veis. Quando as chamadas les\u00f5es precursoras (que antecedem o aparecimento efetivo da doen\u00e7a) s\u00e3o detectadas, as chances de cura do quadro s\u00e3o de 100%.<\/p>\n<p><strong>O exame tamb\u00e9m auxilia no diagn\u00f3stico de outras quest\u00f5es como:<\/strong><\/p>\n<p>\u2013 Altera\u00e7\u00f5es no colo do \u00fatero ocasionadas pelo HPV (les\u00f5es internas);<br \/>\n\u2013 Infec\u00e7\u00f5es e inflama\u00e7\u00f5es vaginais;<br \/>\n\u2013 Doen\u00e7as sexualmente transmiss\u00edveis que n\u00e3o manifestam sintomas externos.<\/p>\n<p><strong>Quem deve fazer?<\/strong><\/p>\n<p>Mulheres com vida sexual ativa devem realizar o exame preventivo uma vez ao ano \u2013 principalmente aquelas entre a faixa et\u00e1ria dos 25 aos 59 anos. Caso o resultado do exame assinale qualquer irregularidade, o preventivo pode passar a ser feito de seis em seis meses, para acompanhamento mais r\u00edgido do quadro.<\/p>\n<p><strong>Quer agendar exames preventivos? o ESF 1 &#8211; Terr\u00e3o est\u00e1 com agendamentos abertos, toda quinta e sexta-feira, das 7h \u00e0s 19h.<\/strong><\/p>\n","protected":false},"excerpt":{"rendered":"<p>Quando o tema \u00e9 c\u00e2ncer de mama, mesmo ap\u00f3s a cura, \u00e9 preciso prevenir a &#8220;recidiva&#8221; da doen\u00e7a Durante a Campanha Outubro Rosa, de preven\u00e7\u00e3o ao c\u00e2ncer de mama, a Ger\u00eancia Municipal de Sonora agendar\u00e1 o exame preventivo de colo de \u00fatero, o Papanicolau. O cuidado desses \u00f3rg\u00e3os deve ser paralelo, para evitar o recidiva [&hellip;]<\/p>\n","protected":false},"author":12,"featured_media":9839,"comment_status":"closed","ping_status":"closed","sticky":false,"template":"","format":"standard","meta":{"footnotes":""},"categories":[3,4],"tags":[],"class_list":["post-9838","post","type-post","status-publish","format-standard","has-post-thumbnail","hentry","category-destaque","category-saude"],"yoast_head":"<!-- This site is optimized with the Yoast SEO plugin v27.4 - https:\/\/yoast.com\/product\/yoast-seo-wordpress\/ -->\n<title>Sa\u00fade da Mulher: saiba a import\u00e2ncia do exame preventivo do colo de \u00fatero - Prefeitura Municipal de Sonora<\/title>\n<meta name=\"robots\" content=\"index, follow, max-snippet:-1, max-image-preview:large, max-video-preview:-1\" \/>\n<link rel=\"canonical\" href=\"https:\/\/sonora.ms.gov.br\/v2\/saude-da-mulher-saiba-a-importancia-do-exame-preventivo-do-colo-de-utero\/\" \/>\n<meta property=\"og:locale\" content=\"pt_BR\" \/>\n<meta property=\"og:type\" content=\"article\" \/>\n<meta property=\"og:title\" content=\"Sa\u00fade da Mulher: saiba a import\u00e2ncia do exame preventivo do colo de \u00fatero - Prefeitura Municipal de Sonora\" \/>\n<meta property=\"og:description\" content=\"Quando o tema \u00e9 c\u00e2ncer de mama, mesmo ap\u00f3s a cura, \u00e9 preciso prevenir a &#8220;recidiva&#8221; da doen\u00e7a Durante a Campanha Outubro Rosa, de preven\u00e7\u00e3o ao c\u00e2ncer de mama, a Ger\u00eancia Municipal de Sonora agendar\u00e1 o exame preventivo de colo de \u00fatero, o Papanicolau. O cuidado desses \u00f3rg\u00e3os deve ser paralelo, para evitar o recidiva [&hellip;]\" \/>\n<meta property=\"og:url\" content=\"https:\/\/sonora.ms.gov.br\/v2\/saude-da-mulher-saiba-a-importancia-do-exame-preventivo-do-colo-de-utero\/\" \/>\n<meta property=\"og:site_name\" content=\"Prefeitura Municipal de Sonora\" \/>\n<meta property=\"article:publisher\" content=\"https:\/\/www.facebook.com\/Prefeitura-Municipal-de-Sonora-320210145060198\" \/>\n<meta property=\"article:published_time\" content=\"2022-10-06T13:33:34+00:00\" \/>\n<meta property=\"article:modified_time\" content=\"2024-10-07T14:39:27+00:00\" \/>\n<meta property=\"og:image\" content=\"https:\/\/sonora.ms.gov.br\/v2\/wp-content\/uploads\/2022\/10\/Colo-do-utero.jpg\" \/>\n\t<meta property=\"og:image:width\" content=\"1200\" \/>\n\t<meta property=\"og:image:height\" content=\"797\" \/>\n\t<meta property=\"og:image:type\" content=\"image\/jpeg\" \/>\n<meta name=\"author\" content=\"ASSECOM 2\" \/>\n<meta name=\"twitter:card\" content=\"summary_large_image\" \/>\n<meta name=\"twitter:label1\" content=\"Escrito por\" \/>\n\t<meta name=\"twitter:data1\" content=\"ASSECOM 2\" \/>\n\t<meta name=\"twitter:label2\" content=\"Est. tempo de leitura\" \/>\n\t<meta name=\"twitter:data2\" content=\"2 minutos\" \/>\n<script type=\"application\/ld+json\" class=\"yoast-schema-graph\">{\"@context\":\"https:\\\/\\\/schema.org\",\"@graph\":[{\"@type\":\"Article\",\"@id\":\"https:\\\/\\\/sonora.ms.gov.br\\\/v2\\\/saude-da-mulher-saiba-a-importancia-do-exame-preventivo-do-colo-de-utero\\\/#article\",\"isPartOf\":{\"@id\":\"https:\\\/\\\/sonora.ms.gov.br\\\/v2\\\/saude-da-mulher-saiba-a-importancia-do-exame-preventivo-do-colo-de-utero\\\/\"},\"author\":{\"name\":\"ASSECOM 2\",\"@id\":\"https:\\\/\\\/sonora.ms.gov.br\\\/v2\\\/#\\\/schema\\\/person\\\/ade70ab2af7950d48b303a212a838fa0\"},\"headline\":\"Sa\u00fade da Mulher: saiba a import\u00e2ncia do exame preventivo do colo de \u00fatero\",\"datePublished\":\"2022-10-06T13:33:34+00:00\",\"dateModified\":\"2024-10-07T14:39:27+00:00\",\"mainEntityOfPage\":{\"@id\":\"https:\\\/\\\/sonora.ms.gov.br\\\/v2\\\/saude-da-mulher-saiba-a-importancia-do-exame-preventivo-do-colo-de-utero\\\/\"},\"wordCount\":394,\"image\":{\"@id\":\"https:\\\/\\\/sonora.ms.gov.br\\\/v2\\\/saude-da-mulher-saiba-a-importancia-do-exame-preventivo-do-colo-de-utero\\\/#primaryimage\"},\"thumbnailUrl\":\"https:\\\/\\\/sonora.ms.gov.br\\\/v2\\\/wp-content\\\/uploads\\\/2022\\\/10\\\/Colo-do-utero.jpg\",\"articleSection\":[\"Destaque\",\"Sa\u00fade\"],\"inLanguage\":\"pt-BR\"},{\"@type\":\"WebPage\",\"@id\":\"https:\\\/\\\/sonora.ms.gov.br\\\/v2\\\/saude-da-mulher-saiba-a-importancia-do-exame-preventivo-do-colo-de-utero\\\/\",\"url\":\"https:\\\/\\\/sonora.ms.gov.br\\\/v2\\\/saude-da-mulher-saiba-a-importancia-do-exame-preventivo-do-colo-de-utero\\\/\",\"name\":\"Sa\u00fade da Mulher: saiba a import\u00e2ncia do exame preventivo do colo de \u00fatero - Prefeitura Municipal de Sonora\",\"isPartOf\":{\"@id\":\"https:\\\/\\\/sonora.ms.gov.br\\\/v2\\\/#website\"},\"primaryImageOfPage\":{\"@id\":\"https:\\\/\\\/sonora.ms.gov.br\\\/v2\\\/saude-da-mulher-saiba-a-importancia-do-exame-preventivo-do-colo-de-utero\\\/#primaryimage\"},\"image\":{\"@id\":\"https:\\\/\\\/sonora.ms.gov.br\\\/v2\\\/saude-da-mulher-saiba-a-importancia-do-exame-preventivo-do-colo-de-utero\\\/#primaryimage\"},\"thumbnailUrl\":\"https:\\\/\\\/sonora.ms.gov.br\\\/v2\\\/wp-content\\\/uploads\\\/2022\\\/10\\\/Colo-do-utero.jpg\",\"datePublished\":\"2022-10-06T13:33:34+00:00\",\"dateModified\":\"2024-10-07T14:39:27+00:00\",\"author\":{\"@id\":\"https:\\\/\\\/sonora.ms.gov.br\\\/v2\\\/#\\\/schema\\\/person\\\/ade70ab2af7950d48b303a212a838fa0\"},\"breadcrumb\":{\"@id\":\"https:\\\/\\\/sonora.ms.gov.br\\\/v2\\\/saude-da-mulher-saiba-a-importancia-do-exame-preventivo-do-colo-de-utero\\\/#breadcrumb\"},\"inLanguage\":\"pt-BR\",\"potentialAction\":[{\"@type\":\"ReadAction\",\"target\":[\"https:\\\/\\\/sonora.ms.gov.br\\\/v2\\\/saude-da-mulher-saiba-a-importancia-do-exame-preventivo-do-colo-de-utero\\\/\"]}]},{\"@type\":\"ImageObject\",\"inLanguage\":\"pt-BR\",\"@id\":\"https:\\\/\\\/sonora.ms.gov.br\\\/v2\\\/saude-da-mulher-saiba-a-importancia-do-exame-preventivo-do-colo-de-utero\\\/#primaryimage\",\"url\":\"https:\\\/\\\/sonora.ms.gov.br\\\/v2\\\/wp-content\\\/uploads\\\/2022\\\/10\\\/Colo-do-utero.jpg\",\"contentUrl\":\"https:\\\/\\\/sonora.ms.gov.br\\\/v2\\\/wp-content\\\/uploads\\\/2022\\\/10\\\/Colo-do-utero.jpg\",\"width\":1200,\"height\":797},{\"@type\":\"BreadcrumbList\",\"@id\":\"https:\\\/\\\/sonora.ms.gov.br\\\/v2\\\/saude-da-mulher-saiba-a-importancia-do-exame-preventivo-do-colo-de-utero\\\/#breadcrumb\",\"itemListElement\":[{\"@type\":\"ListItem\",\"position\":1,\"name\":\"In\u00edcio\",\"item\":\"https:\\\/\\\/sonora.ms.gov.br\\\/v2\\\/\"},{\"@type\":\"ListItem\",\"position\":2,\"name\":\"Sa\u00fade da Mulher: saiba a import\u00e2ncia do exame preventivo do colo de \u00fatero\"}]},{\"@type\":\"WebSite\",\"@id\":\"https:\\\/\\\/sonora.ms.gov.br\\\/v2\\\/#website\",\"url\":\"https:\\\/\\\/sonora.ms.gov.br\\\/v2\\\/\",\"name\":\"Prefeitura Municipal de Sonora\",\"description\":\"Poder Executivo\",\"potentialAction\":[{\"@type\":\"SearchAction\",\"target\":{\"@type\":\"EntryPoint\",\"urlTemplate\":\"https:\\\/\\\/sonora.ms.gov.br\\\/v2\\\/?s={search_term_string}\"},\"query-input\":{\"@type\":\"PropertyValueSpecification\",\"valueRequired\":true,\"valueName\":\"search_term_string\"}}],\"inLanguage\":\"pt-BR\"},{\"@type\":\"Person\",\"@id\":\"https:\\\/\\\/sonora.ms.gov.br\\\/v2\\\/#\\\/schema\\\/person\\\/ade70ab2af7950d48b303a212a838fa0\",\"name\":\"ASSECOM 2\",\"image\":{\"@type\":\"ImageObject\",\"inLanguage\":\"pt-BR\",\"@id\":\"https:\\\/\\\/secure.gravatar.com\\\/avatar\\\/3a9b98b65d5238fb197a3bea055905fd0a276509b760f51b24503561aaf96f55?s=96&d=mm&r=g\",\"url\":\"https:\\\/\\\/secure.gravatar.com\\\/avatar\\\/3a9b98b65d5238fb197a3bea055905fd0a276509b760f51b24503561aaf96f55?s=96&d=mm&r=g\",\"contentUrl\":\"https:\\\/\\\/secure.gravatar.com\\\/avatar\\\/3a9b98b65d5238fb197a3bea055905fd0a276509b760f51b24503561aaf96f55?s=96&d=mm&r=g\",\"caption\":\"ASSECOM 2\"},\"url\":\"https:\\\/\\\/sonora.ms.gov.br\\\/v2\\\/author\\\/kaaalcantara07gmail-com\\\/\"}]}<\/script>\n<!-- \/ Yoast SEO plugin. -->","yoast_head_json":{"title":"Sa\u00fade da Mulher: saiba a import\u00e2ncia do exame preventivo do colo de \u00fatero - Prefeitura Municipal de Sonora","robots":{"index":"index","follow":"follow","max-snippet":"max-snippet:-1","max-image-preview":"max-image-preview:large","max-video-preview":"max-video-preview:-1"},"canonical":"https:\/\/sonora.ms.gov.br\/v2\/saude-da-mulher-saiba-a-importancia-do-exame-preventivo-do-colo-de-utero\/","og_locale":"pt_BR","og_type":"article","og_title":"Sa\u00fade da Mulher: saiba a import\u00e2ncia do exame preventivo do colo de \u00fatero - Prefeitura Municipal de Sonora","og_description":"Quando o tema \u00e9 c\u00e2ncer de mama, mesmo ap\u00f3s a cura, \u00e9 preciso prevenir a &#8220;recidiva&#8221; da doen\u00e7a Durante a Campanha Outubro Rosa, de preven\u00e7\u00e3o ao c\u00e2ncer de mama, a Ger\u00eancia Municipal de Sonora agendar\u00e1 o exame preventivo de colo de \u00fatero, o Papanicolau. O cuidado desses \u00f3rg\u00e3os deve ser paralelo, para evitar o recidiva [&hellip;]","og_url":"https:\/\/sonora.ms.gov.br\/v2\/saude-da-mulher-saiba-a-importancia-do-exame-preventivo-do-colo-de-utero\/","og_site_name":"Prefeitura Municipal de Sonora","article_publisher":"https:\/\/www.facebook.com\/Prefeitura-Municipal-de-Sonora-320210145060198","article_published_time":"2022-10-06T13:33:34+00:00","article_modified_time":"2024-10-07T14:39:27+00:00","og_image":[{"width":1200,"height":797,"url":"https:\/\/sonora.ms.gov.br\/v2\/wp-content\/uploads\/2022\/10\/Colo-do-utero.jpg","type":"image\/jpeg"}],"author":"ASSECOM 2","twitter_card":"summary_large_image","twitter_misc":{"Escrito por":"ASSECOM 2","Est. tempo de leitura":"2 minutos"},"schema":{"@context":"https:\/\/schema.org","@graph":[{"@type":"Article","@id":"https:\/\/sonora.ms.gov.br\/v2\/saude-da-mulher-saiba-a-importancia-do-exame-preventivo-do-colo-de-utero\/#article","isPartOf":{"@id":"https:\/\/sonora.ms.gov.br\/v2\/saude-da-mulher-saiba-a-importancia-do-exame-preventivo-do-colo-de-utero\/"},"author":{"name":"ASSECOM 2","@id":"https:\/\/sonora.ms.gov.br\/v2\/#\/schema\/person\/ade70ab2af7950d48b303a212a838fa0"},"headline":"Sa\u00fade da Mulher: saiba a import\u00e2ncia do exame preventivo do colo de \u00fatero","datePublished":"2022-10-06T13:33:34+00:00","dateModified":"2024-10-07T14:39:27+00:00","mainEntityOfPage":{"@id":"https:\/\/sonora.ms.gov.br\/v2\/saude-da-mulher-saiba-a-importancia-do-exame-preventivo-do-colo-de-utero\/"},"wordCount":394,"image":{"@id":"https:\/\/sonora.ms.gov.br\/v2\/saude-da-mulher-saiba-a-importancia-do-exame-preventivo-do-colo-de-utero\/#primaryimage"},"thumbnailUrl":"https:\/\/sonora.ms.gov.br\/v2\/wp-content\/uploads\/2022\/10\/Colo-do-utero.jpg","articleSection":["Destaque","Sa\u00fade"],"inLanguage":"pt-BR"},{"@type":"WebPage","@id":"https:\/\/sonora.ms.gov.br\/v2\/saude-da-mulher-saiba-a-importancia-do-exame-preventivo-do-colo-de-utero\/","url":"https:\/\/sonora.ms.gov.br\/v2\/saude-da-mulher-saiba-a-importancia-do-exame-preventivo-do-colo-de-utero\/","name":"Sa\u00fade da Mulher: saiba a import\u00e2ncia do exame preventivo do colo de \u00fatero - Prefeitura Municipal de Sonora","isPartOf":{"@id":"https:\/\/sonora.ms.gov.br\/v2\/#website"},"primaryImageOfPage":{"@id":"https:\/\/sonora.ms.gov.br\/v2\/saude-da-mulher-saiba-a-importancia-do-exame-preventivo-do-colo-de-utero\/#primaryimage"},"image":{"@id":"https:\/\/sonora.ms.gov.br\/v2\/saude-da-mulher-saiba-a-importancia-do-exame-preventivo-do-colo-de-utero\/#primaryimage"},"thumbnailUrl":"https:\/\/sonora.ms.gov.br\/v2\/wp-content\/uploads\/2022\/10\/Colo-do-utero.jpg","datePublished":"2022-10-06T13:33:34+00:00","dateModified":"2024-10-07T14:39:27+00:00","author":{"@id":"https:\/\/sonora.ms.gov.br\/v2\/#\/schema\/person\/ade70ab2af7950d48b303a212a838fa0"},"breadcrumb":{"@id":"https:\/\/sonora.ms.gov.br\/v2\/saude-da-mulher-saiba-a-importancia-do-exame-preventivo-do-colo-de-utero\/#breadcrumb"},"inLanguage":"pt-BR","potentialAction":[{"@type":"ReadAction","target":["https:\/\/sonora.ms.gov.br\/v2\/saude-da-mulher-saiba-a-importancia-do-exame-preventivo-do-colo-de-utero\/"]}]},{"@type":"ImageObject","inLanguage":"pt-BR","@id":"https:\/\/sonora.ms.gov.br\/v2\/saude-da-mulher-saiba-a-importancia-do-exame-preventivo-do-colo-de-utero\/#primaryimage","url":"https:\/\/sonora.ms.gov.br\/v2\/wp-content\/uploads\/2022\/10\/Colo-do-utero.jpg","contentUrl":"https:\/\/sonora.ms.gov.br\/v2\/wp-content\/uploads\/2022\/10\/Colo-do-utero.jpg","width":1200,"height":797},{"@type":"BreadcrumbList","@id":"https:\/\/sonora.ms.gov.br\/v2\/saude-da-mulher-saiba-a-importancia-do-exame-preventivo-do-colo-de-utero\/#breadcrumb","itemListElement":[{"@type":"ListItem","position":1,"name":"In\u00edcio","item":"https:\/\/sonora.ms.gov.br\/v2\/"},{"@type":"ListItem","position":2,"name":"Sa\u00fade da Mulher: saiba a import\u00e2ncia do exame preventivo do colo de \u00fatero"}]},{"@type":"WebSite","@id":"https:\/\/sonora.ms.gov.br\/v2\/#website","url":"https:\/\/sonora.ms.gov.br\/v2\/","name":"Prefeitura Municipal de Sonora","description":"Poder Executivo","potentialAction":[{"@type":"SearchAction","target":{"@type":"EntryPoint","urlTemplate":"https:\/\/sonora.ms.gov.br\/v2\/?s={search_term_string}"},"query-input":{"@type":"PropertyValueSpecification","valueRequired":true,"valueName":"search_term_string"}}],"inLanguage":"pt-BR"},{"@type":"Person","@id":"https:\/\/sonora.ms.gov.br\/v2\/#\/schema\/person\/ade70ab2af7950d48b303a212a838fa0","name":"ASSECOM 2","image":{"@type":"ImageObject","inLanguage":"pt-BR","@id":"https:\/\/secure.gravatar.com\/avatar\/3a9b98b65d5238fb197a3bea055905fd0a276509b760f51b24503561aaf96f55?s=96&d=mm&r=g","url":"https:\/\/secure.gravatar.com\/avatar\/3a9b98b65d5238fb197a3bea055905fd0a276509b760f51b24503561aaf96f55?s=96&d=mm&r=g","contentUrl":"https:\/\/secure.gravatar.com\/avatar\/3a9b98b65d5238fb197a3bea055905fd0a276509b760f51b24503561aaf96f55?s=96&d=mm&r=g","caption":"ASSECOM 2"},"url":"https:\/\/sonora.ms.gov.br\/v2\/author\/kaaalcantara07gmail-com\/"}]}},"_links":{"self":[{"href":"https:\/\/sonora.ms.gov.br\/v2\/wp-json\/wp\/v2\/posts\/9838","targetHints":{"allow":["GET"]}}],"collection":[{"href":"https:\/\/sonora.ms.gov.br\/v2\/wp-json\/wp\/v2\/posts"}],"about":[{"href":"https:\/\/sonora.ms.gov.br\/v2\/wp-json\/wp\/v2\/types\/post"}],"author":[{"embeddable":true,"href":"https:\/\/sonora.ms.gov.br\/v2\/wp-json\/wp\/v2\/users\/12"}],"replies":[{"embeddable":true,"href":"https:\/\/sonora.ms.gov.br\/v2\/wp-json\/wp\/v2\/comments?post=9838"}],"version-history":[{"count":2,"href":"https:\/\/sonora.ms.gov.br\/v2\/wp-json\/wp\/v2\/posts\/9838\/revisions"}],"predecessor-version":[{"id":9841,"href":"https:\/\/sonora.ms.gov.br\/v2\/wp-json\/wp\/v2\/posts\/9838\/revisions\/9841"}],"wp:featuredmedia":[{"embeddable":true,"href":"https:\/\/sonora.ms.gov.br\/v2\/wp-json\/wp\/v2\/media\/9839"}],"wp:attachment":[{"href":"https:\/\/sonora.ms.gov.br\/v2\/wp-json\/wp\/v2\/media?parent=9838"}],"wp:term":[{"taxonomy":"category","embeddable":true,"href":"https:\/\/sonora.ms.gov.br\/v2\/wp-json\/wp\/v2\/categories?post=9838"},{"taxonomy":"post_tag","embeddable":true,"href":"https:\/\/sonora.ms.gov.br\/v2\/wp-json\/wp\/v2\/tags?post=9838"}],"curies":[{"name":"wp","href":"https:\/\/api.w.org\/{rel}","templated":true}]}}